{"id":1011,"date":"2024-05-03T09:02:12","date_gmt":"2024-05-03T09:02:12","guid":{"rendered":"https:\/\/radiocomercial.cv\/?p=1011"},"modified":"2024-05-06T10:06:10","modified_gmt":"2024-05-06T10:06:10","slug":"8a-edicao-do-festival-cv-color-em-seis-ilhas-de-cabo-verde","status":"publish","type":"post","link":"https:\/\/radiocomercial.cv\/?p=1011","title":{"rendered":"8\u00aa Edi\u00e7\u00e3o do Festival CV Color em seis ilhas de Cabo Verde"},"content":{"rendered":"\t\t<div data-elementor-type=\"wp-post\" data-elementor-id=\"1011\" class=\"elementor elementor-1011\" data-elementor-post-type=\"post\">\n\t\t\t\t<div class=\"elementor-element elementor-element-96c42fb e-flex e-con-boxed e-con e-parent\" data-id=\"96c42fb\" data-element_type=\"container\" data-settings=\"{&quot;content_width&quot;:&quot;boxed&quot;}\" data-core-v316-plus=\"true\">\n\t\t\t\t\t<div class=\"e-con-inner\">\n\t\t\t\t<div class=\"elementor-element elementor-element-1acf007 elementor-widget elementor-widget-text-editor\" data-id=\"1acf007\" data-element_type=\"widget\" data-widget_type=\"text-editor.default\">\n\t\t\t\t<div class=\"elementor-widget-container\">\n\t\t\t<style>\/*! elementor - v3.19.0 - 07-02-2024 *\/\n.elementor-widget-text-editor.elementor-drop-cap-view-stacked .elementor-drop-cap{background-color:#69727d;color:#fff}.elementor-widget-text-editor.elementor-drop-cap-view-framed .elementor-drop-cap{color:#69727d;border:3px solid;background-color:transparent}.elementor-widget-text-editor:not(.elementor-drop-cap-view-default) .elementor-drop-cap{margin-top:8px}.elementor-widget-text-editor:not(.elementor-drop-cap-view-default) .elementor-drop-cap-letter{width:1em;height:1em}.elementor-widget-text-editor .elementor-drop-cap{float:left;text-align:center;line-height:1;font-size:50px}.elementor-widget-text-editor .elementor-drop-cap-letter{display:inline-block}<\/style>\t\t\t\t<p>A 8\u00aa edi\u00e7\u00e3o do Festival CV Color vai acontecer numa 1\u00aa fase, em seis ilhas, entre os meses de Junho a Agosto. A organiza\u00e7\u00e3o pretende levar o festival aos concelhos do Paul (Santo Ant\u00e3o), Praia (Santiago), Santa Maria (Sal), Mindelo (S\u00e3o Vicente), Tarrafal de S\u00e3o Nicolau e Sal Rei (Boa Vista).<\/p><p>Numa nota enviada, a organiza\u00e7\u00e3o do festival considera que este evento tem conquistado um espa\u00e7o \u00fanico na agenda cultural nacional e um p\u00fablico fiel, que participa e vibra com os mais diversos artistas.<\/p><p>\u201cCom a g\u00eanese e conceito inspirados no tradicional festival indiano Holi, que \u00e9 realizado na transi\u00e7\u00e3o para a Primavera, o Festival CV Color, que marca o final da esta\u00e7\u00e3o seca e in\u00edcio do ver\u00e3o, tem conseguido desde 2015, levar esta celebra\u00e7\u00e3o cheia de cores, energia e muita m\u00fasica \u00e0s v\u00e1rias ilhas do arquip\u00e9lago\u201d, lembra.<\/p><p>Nesta 8\u00aa edi\u00e7\u00e3o, a organiza\u00e7\u00e3o decide realizar o festival em seis ilhas, sendo que em algumas delas, o certame decorre no mesmo dia.<\/p><p>No dia 15 de Junho, o festival acontece no concelho do Paul (Santo Ant\u00e3o), 13 de Julho, na Praia e em Santa Maria (Sal), 27 de Julho, Mindelo, 03 de Agosto, Tarrafal de S\u00e3o Nicolau e 03 de Agosto, Sal Rei (Boa Vista).<\/p><p>A organiza\u00e7\u00e3o indicou que ao longo dos anos, o festival tem conquistado um espa\u00e7o \u00fanico na agenda cultural nacional e um p\u00fablico fiel, que participa e vibra com os mais diversos artistas, \u201ctrazendo uma maior dinamiza\u00e7\u00e3o a n\u00edvel local, que desafiam o pr\u00f3prio evento a afirmar-se e a crescer de modo mais sustent\u00e1vel e mais pr\u00f3ximo das comunidades\u201d.<\/p><p>&#8220;Pelo que a DEventos promete trazer mais inova\u00e7\u00e3o, valoriza\u00e7\u00e3o e descoberta de talentos da m\u00fasica cabo-verdiana, refor\u00e7ar as parcerias locais, sem esquecer a aposta nas pr\u00e1ticas de responsabilidade social e ambiental&#8221;, cita.<\/p>\t\t\t\t\t\t<\/div>\n\t\t\t\t<\/div>\n\t\t\t\t\t<\/div>\n\t\t\t\t<\/div>\n\t\t\t\t<\/div>\n\t\t","protected":false},"excerpt":{"rendered":"<p>A 8\u00aa edi\u00e7\u00e3o do Festival CV Color vai acontecer numa 1\u00aa fase, em seis ilhas, entre os meses de Junho a Agosto. A organiza\u00e7\u00e3o pretende levar o festival aos concelhos do Paul (Santo Ant\u00e3o), Praia (Santiago), Santa Maria (Sal), Mindelo (S\u00e3o Vicente), Tarrafal de S\u00e3o Nicolau e Sal Rei (Boa Vista). Numa nota enviada, a<br \/><a class=\"moretag\" href=\"https:\/\/radiocomercial.cv\/?p=1011\">+ Read More<\/a><\/p>\n","protected":false},"author":1,"featured_media":1012,"comment_status":"closed","ping_status":"closed","sticky":false,"template":"","format":"standard","meta":{"footnotes":""},"categories":[6],"tags":[],"class_list":["post-1011","post","type-post","status-publish","format-standard","has-post-thumbnail","hentry","category-noticias"],"featured_image_src":"https:\/\/radiocomercial.cv\/wp-content\/uploads\/2024\/05\/Color-festival.jpg","featured_image_src_square":"https:\/\/radiocomercial.cv\/wp-content\/uploads\/2024\/05\/Color-festival.jpg","author_info":{"display_name":"admin","author_link":"https:\/\/radiocomercial.cv\/?author=1"},"rbea_author_info":{"display_name":"admin","author_link":"https:\/\/radiocomercial.cv\/?author=1"},"rbea_excerpt_info":"A 8\u00aa edi\u00e7\u00e3o do Festival CV Color vai acontecer numa 1\u00aa fase, em seis ilhas, entre os meses de Junho a Agosto. A organiza\u00e7\u00e3o pretende levar o festival aos concelhos do Paul (Santo Ant\u00e3o), Praia (Santiago), Santa Maria (Sal), Mindelo (S\u00e3o Vicente), Tarrafal de S\u00e3o Nicolau e Sal Rei (Boa Vista). Numa nota enviada, a<br><a class=\"moretag\" href=\"https:\/\/radiocomercial.cv\/?p=1011\">+ Read More<\/a>","category_list":"<a href=\"https:\/\/radiocomercial.cv\/?cat=6\" rel=\"category\">Noticias<\/a>","comments_num":"0 comments","_links":{"self":[{"href":"https:\/\/radiocomercial.cv\/index.php?rest_route=\/wp\/v2\/posts\/1011","targetHints":{"allow":["GET"]}}],"collection":[{"href":"https:\/\/radiocomercial.cv\/index.php?rest_route=\/wp\/v2\/posts"}],"about":[{"href":"https:\/\/radiocomercial.cv\/index.php?rest_route=\/wp\/v2\/types\/post"}],"author":[{"embeddable":true,"href":"https:\/\/radiocomercial.cv\/index.php?rest_route=\/wp\/v2\/users\/1"}],"replies":[{"embeddable":true,"href":"https:\/\/radiocomercial.cv\/index.php?rest_route=%2Fwp%2Fv2%2Fcomments&post=1011"}],"version-history":[{"count":4,"href":"https:\/\/radiocomercial.cv\/index.php?rest_route=\/wp\/v2\/posts\/1011\/revisions"}],"predecessor-version":[{"id":1016,"href":"https:\/\/radiocomercial.cv\/index.php?rest_route=\/wp\/v2\/posts\/1011\/revisions\/1016"}],"wp:featuredmedia":[{"embeddable":true,"href":"https:\/\/radiocomercial.cv\/index.php?rest_route=\/wp\/v2\/media\/1012"}],"wp:attachment":[{"href":"https:\/\/radiocomercial.cv\/index.php?rest_route=%2Fwp%2Fv2%2Fmedia&parent=1011"}],"wp:term":[{"taxonomy":"category","embeddable":true,"href":"https:\/\/radiocomercial.cv\/index.php?rest_route=%2Fwp%2Fv2%2Fcategories&post=1011"},{"taxonomy":"post_tag","embeddable":true,"href":"https:\/\/radiocomercial.cv\/index.php?rest_route=%2Fwp%2Fv2%2Ftags&post=1011"}],"curies":[{"name":"wp","href":"https:\/\/api.w.org\/{rel}","templated":true}]}}