{"id":1071,"date":"2024-05-07T12:03:48","date_gmt":"2024-05-07T12:03:48","guid":{"rendered":"https:\/\/radiocomercial.cv\/?p=1071"},"modified":"2024-05-07T12:14:05","modified_gmt":"2024-05-07T12:14:05","slug":"joshua-marty-lanca-single-nharmun","status":"publish","type":"post","link":"https:\/\/radiocomercial.cv\/?p=1071","title":{"rendered":"Joshua Marty lan\u00e7a single \u201cNha\u2019Rmun\u201d"},"content":{"rendered":"\t\t<div data-elementor-type=\"wp-post\" data-elementor-id=\"1071\" class=\"elementor elementor-1071\" data-elementor-post-type=\"post\">\n\t\t\t\t<div class=\"elementor-element elementor-element-259afb3 e-flex e-con-boxed e-con e-parent\" data-id=\"259afb3\" data-element_type=\"container\" data-settings=\"{&quot;content_width&quot;:&quot;boxed&quot;}\" data-core-v316-plus=\"true\">\n\t\t\t\t\t<div class=\"e-con-inner\">\n\t\t\t\t<div class=\"elementor-element elementor-element-057b519 elementor-widget elementor-widget-text-editor\" data-id=\"057b519\" data-element_type=\"widget\" data-widget_type=\"text-editor.default\">\n\t\t\t\t<div class=\"elementor-widget-container\">\n\t\t\t<style>\/*! elementor - v3.19.0 - 07-02-2024 *\/\n.elementor-widget-text-editor.elementor-drop-cap-view-stacked .elementor-drop-cap{background-color:#69727d;color:#fff}.elementor-widget-text-editor.elementor-drop-cap-view-framed .elementor-drop-cap{color:#69727d;border:3px solid;background-color:transparent}.elementor-widget-text-editor:not(.elementor-drop-cap-view-default) .elementor-drop-cap{margin-top:8px}.elementor-widget-text-editor:not(.elementor-drop-cap-view-default) .elementor-drop-cap-letter{width:1em;height:1em}.elementor-widget-text-editor .elementor-drop-cap{float:left;text-align:center;line-height:1;font-size:50px}.elementor-widget-text-editor .elementor-drop-cap-letter{display:inline-block}<\/style>\t\t\t\t<p>Joshua Marty, de 13 anos de idade acaba de lan\u00e7ou no dia 30 de Abril, nas plataformas digitais, o seu novo single intitulado \u201cNha\u2019Rmun\u201d. Joshua Marty \u00e9 filho de Jorge Pimpa, um dos percussionistas mais conhecidos do pa\u00eds, tendo acompanhado os melhores grupos musicais de Cabo Verde.<\/p><p>Segundo uma nota enviada, Joshua decidiu lan\u00e7ar um grito de alerta \u00e0 irmandade porque diz sonhar com uma nova gera\u00e7\u00e3o de cabo-verdianos, particularmente, crian\u00e7as e adolescentes livres de todo o tipo de viol\u00eancia.<\/p><p>A m\u00fasica \u201cNha\u2019Rmun\u201d \u00e9 uma composi\u00e7\u00e3o do compositor Cal\u00fa di Guida, radicado nos Estados Unidos da Am\u00e9rica, onde Joshua numas curtas f\u00e9rias fez a grava\u00e7\u00e3o deste single no est\u00fadio do conceituado m\u00fasico e produtor musical Kim Alves, avan\u00e7a o Expresso das ilhas online.<\/p><p>O pai Jorge Martins (Jorge Pimpa) tamb\u00e9m participou na produ\u00e7\u00e3o desta m\u00fasica, tocando percuss\u00e3o e ferrinho. Cal\u00fa di Guida esteve na guitarra ac\u00fastica. Kim Alves est\u00e1 na guitarra de seis e 12 cordas, para al\u00e9m da percuss\u00e3o e teclado.<\/p><p>A mesma fonte apontou que o m\u00e9rito de Joshua consiste em utilizar a m\u00fasica como arma para que as suas mensagens sejam ouvidas. \u201c\u00c9 um adolescente que sonha com um Cabo Verde melhor e usa a sua voz mel\u00f3dica para o efeito. Joshua acredita na mudan\u00e7a de comportamentos e, por isso, apostou no elo mais forte para esta mudan\u00e7a. A m\u00fasica\u201d.<\/p><p>\u201cO seu p\u00fablico alvo \u00e9 a nova gera\u00e7\u00e3o de cabo-verdianos que ser\u00e1 o futuro deste pa\u00eds conhecido pela sua morabeza, sem deixar de lado homens e mulheres que vivem espalhados pelos quatro cantos do mundo\u201d, destaca.<\/p><p>Nesta m\u00fasica, Joshua passa um olhar atento por tem\u00e1ticas que est\u00e3o a preocupar os cabo-verdianos e a afectar os mais novos.<\/p><p>\u201cO alerta para viol\u00eancia contra mulheres, m\u00e3es que criam muitas vezes sozinhas, milhares de crian\u00e7as e adolescentes de Cabo Verde, convida fam\u00edlias a optarem pela toler\u00e2ncia e afecto de modo a servir de exemplos para os filhos que tem casa; lan\u00e7a um olhar a sociedade civil e foca na irmandade: \u201cNha\u2019Rmun\u201d cabo-verdiano, hoje menino, mas homem de amanh\u00e3\u201d, l\u00ea-se na nota.<\/p>\t\t\t\t\t\t<\/div>\n\t\t\t\t<\/div>\n\t\t\t\t\t<\/div>\n\t\t\t\t<\/div>\n\t\t\t\t<\/div>\n\t\t","protected":false},"excerpt":{"rendered":"<p>Joshua Marty, de 13 anos de idade acaba de lan\u00e7ou no dia 30 de Abril, nas plataformas digitais, o seu novo single intitulado \u201cNha\u2019Rmun\u201d. Joshua Marty \u00e9 filho de Jorge Pimpa, um dos percussionistas mais conhecidos do pa\u00eds, tendo acompanhado os melhores grupos musicais de Cabo Verde. Segundo uma nota enviada, Joshua decidiu lan\u00e7ar um<br \/><a class=\"moretag\" href=\"https:\/\/radiocomercial.cv\/?p=1071\">+ Read More<\/a><\/p>\n","protected":false},"author":2,"featured_media":1072,"comment_status":"open","ping_status":"open","sticky":false,"template":"","format":"standard","meta":{"footnotes":""},"categories":[6],"tags":[],"class_list":["post-1071","post","type-post","status-publish","format-standard","has-post-thumbnail","hentry","category-noticias"],"featured_image_src":"https:\/\/radiocomercial.cv\/wp-content\/uploads\/2024\/05\/Joshua-Marty.jpg","featured_image_src_square":"https:\/\/radiocomercial.cv\/wp-content\/uploads\/2024\/05\/Joshua-Marty.jpg","author_info":{"display_name":"Radio Comercial","author_link":"https:\/\/radiocomercial.cv\/?author=2"},"rbea_author_info":{"display_name":"Radio Comercial","author_link":"https:\/\/radiocomercial.cv\/?author=2"},"rbea_excerpt_info":"Joshua Marty, de 13 anos de idade acaba de lan\u00e7ou no dia 30 de Abril, nas plataformas digitais, o seu novo single intitulado \u201cNha\u2019Rmun\u201d. Joshua Marty \u00e9 filho de Jorge Pimpa, um dos percussionistas mais conhecidos do pa\u00eds, tendo acompanhado os melhores grupos musicais de Cabo Verde. Segundo uma nota enviada, Joshua decidiu lan\u00e7ar um<br><a class=\"moretag\" href=\"https:\/\/radiocomercial.cv\/?p=1071\">+ Read More<\/a>","category_list":"<a href=\"https:\/\/radiocomercial.cv\/?cat=6\" rel=\"category\">Noticias<\/a>","comments_num":"0 comments","_links":{"self":[{"href":"https:\/\/radiocomercial.cv\/index.php?rest_route=\/wp\/v2\/posts\/1071","targetHints":{"allow":["GET"]}}],"collection":[{"href":"https:\/\/radiocomercial.cv\/index.php?rest_route=\/wp\/v2\/posts"}],"about":[{"href":"https:\/\/radiocomercial.cv\/index.php?rest_route=\/wp\/v2\/types\/post"}],"author":[{"embeddable":true,"href":"https:\/\/radiocomercial.cv\/index.php?rest_route=\/wp\/v2\/users\/2"}],"replies":[{"embeddable":true,"href":"https:\/\/radiocomercial.cv\/index.php?rest_route=%2Fwp%2Fv2%2Fcomments&post=1071"}],"version-history":[{"count":7,"href":"https:\/\/radiocomercial.cv\/index.php?rest_route=\/wp\/v2\/posts\/1071\/revisions"}],"predecessor-version":[{"id":1080,"href":"https:\/\/radiocomercial.cv\/index.php?rest_route=\/wp\/v2\/posts\/1071\/revisions\/1080"}],"wp:featuredmedia":[{"embeddable":true,"href":"https:\/\/radiocomercial.cv\/index.php?rest_route=\/wp\/v2\/media\/1072"}],"wp:attachment":[{"href":"https:\/\/radiocomercial.cv\/index.php?rest_route=%2Fwp%2Fv2%2Fmedia&parent=1071"}],"wp:term":[{"taxonomy":"category","embeddable":true,"href":"https:\/\/radiocomercial.cv\/index.php?rest_route=%2Fwp%2Fv2%2Fcategories&post=1071"},{"taxonomy":"post_tag","embeddable":true,"href":"https:\/\/radiocomercial.cv\/index.php?rest_route=%2Fwp%2Fv2%2Ftags&post=1071"}],"curies":[{"name":"wp","href":"https:\/\/api.w.org\/{rel}","templated":true}]}}