{"id":1087,"date":"2024-05-08T11:47:13","date_gmt":"2024-05-08T11:47:13","guid":{"rendered":"https:\/\/radiocomercial.cv\/?p=1087"},"modified":"2024-05-08T11:53:11","modified_gmt":"2024-05-08T11:53:11","slug":"211-denuncias-de-violencia-contra-criancas-e-adolescentes-em-2023-presidente-icca","status":"publish","type":"post","link":"https:\/\/radiocomercial.cv\/?p=1087","title":{"rendered":"211 den\u00fancias de viol\u00eancia contra crian\u00e7as e adolescentes em 2023 \u2013 Presidente ICCA"},"content":{"rendered":"\t\t<div data-elementor-type=\"wp-post\" data-elementor-id=\"1087\" class=\"elementor elementor-1087\" data-elementor-post-type=\"post\">\n\t\t\t\t<div class=\"elementor-element elementor-element-a7ec42a e-flex e-con-boxed e-con e-parent\" data-id=\"a7ec42a\" data-element_type=\"container\" data-settings=\"{&quot;content_width&quot;:&quot;boxed&quot;}\" data-core-v316-plus=\"true\">\n\t\t\t\t\t<div class=\"e-con-inner\">\n\t\t\t\t<div class=\"elementor-element elementor-element-6beae67 elementor-widget elementor-widget-text-editor\" data-id=\"6beae67\" data-element_type=\"widget\" data-widget_type=\"text-editor.default\">\n\t\t\t\t<div class=\"elementor-widget-container\">\n\t\t\t<style>\/*! elementor - v3.19.0 - 07-02-2024 *\/\n.elementor-widget-text-editor.elementor-drop-cap-view-stacked .elementor-drop-cap{background-color:#69727d;color:#fff}.elementor-widget-text-editor.elementor-drop-cap-view-framed .elementor-drop-cap{color:#69727d;border:3px solid;background-color:transparent}.elementor-widget-text-editor:not(.elementor-drop-cap-view-default) .elementor-drop-cap{margin-top:8px}.elementor-widget-text-editor:not(.elementor-drop-cap-view-default) .elementor-drop-cap-letter{width:1em;height:1em}.elementor-widget-text-editor .elementor-drop-cap{float:left;text-align:center;line-height:1;font-size:50px}.elementor-widget-text-editor .elementor-drop-cap-letter{display:inline-block}<\/style>\t\t\t\t<p>Em 2023, o ICCA registou 211 den\u00fancias de casos de viol\u00eancia contra crian\u00e7as. Ainda assim, o n\u00famero \u00e9 menor, face a 2022, quando foram assinalados 218 casos<\/p><p>Os dados foram apresentados pela presidente do Instituto Cabo-verdiano para a Crian\u00e7a e Adolescentes, Zaida Freitas, durante o lan\u00e7amento do projecto \u201cProteja &#8211; Crian\u00e7as e adolescentes livres da viol\u00eancia sexual\u201d, que teve lugar na tarde desta ter\u00e7a-feira, avan\u00e7a o Expresso das ilhas.<\/p><p>\u201cInfelizmente somos ainda confrontados com relatos de casos de viol\u00eancia e abuso sexual contra crian\u00e7as e adolescentes, a pior forma de viola\u00e7\u00e3o dos direitos Humanos das crian\u00e7as. A maior parte [dos casos de abusos] as v\u00edtimas s\u00e3o adolescentes com idade compreendida entre os 13 e os 17 anos, com um registo de 137 casos\u201d, diz.<\/p><p>Segundo Zaida Freita, a campanha \u201cProteja\u201d pretende mobilizar a sociedade para que crian\u00e7as e adolescentes possam crescer num ambiente livre da viol\u00eancia sexual e alertar para a necessidade da revis\u00e3o do c\u00f3digo penal.<\/p><p>\u201cTrata-se de uma estrat\u00e9gia de comunica\u00e7\u00e3o que visa informar e mobilizar a sociedade cabo-verdiana em todas as suas esferas para unir na constru\u00e7\u00e3o de uma sociedade mais segura e consciente onde crian\u00e7as e adolescentes possam viver e crescer protegidos e livres da viol\u00eancia sexual. Esta campanha \u00e9 um apelo coletivo a ac\u00e7\u00e3o, um pacto, um convite a uni\u00e3o de todos em torno desta causa (&#8230;), esta campanha alerta ainda para a revis\u00e3o do c\u00f3digo penal e do c\u00f3digo de processo penal informando a popula\u00e7\u00e3o das diferentes tipologias de crime e das penas actualmente aplic\u00e1veis\u201d, assegura.<\/p><p>O Primeiro-Ministro, Ulisses Correia e Silva, afirma que a campanha representa uma tentativa de vencer um desafio.<\/p><p>\u201cEsta campanha representa um inconformismo e a necessidade lutar. Lutar contra este flagelo social \u00e9 a raz\u00e3o de estarmos aqui todos juntos, \u00e9 a raz\u00e3o da campanha que \u00e9 lan\u00e7ada. \u00c9 a protec\u00e7\u00e3o dos direitos das crian\u00e7as e dos direitos humanos na sua se\u00e7\u00e3o mais larga que est\u00e1 em causa. \u00c9 um desafios que temos de vencer com o sentido estrat\u00e9gico e com consist\u00eancia\u201d, sublinha.<\/p><p>Importa destacar que a campanha \u201cProteja\u201d conta com o apoio do UNICEF e pretende englobar toda a sociedade civil em torno do direito \u00e0 prote\u00e7\u00e3o da inf\u00e2ncia e adolesc\u00eancia livre da viol\u00eancia sexual.<\/p>\t\t\t\t\t\t<\/div>\n\t\t\t\t<\/div>\n\t\t\t\t\t<\/div>\n\t\t\t\t<\/div>\n\t\t\t\t<\/div>\n\t\t","protected":false},"excerpt":{"rendered":"<p>Em 2023, o ICCA registou 211 den\u00fancias de casos de viol\u00eancia contra crian\u00e7as. Ainda assim, o n\u00famero \u00e9 menor, face a 2022, quando foram assinalados 218 casos Os dados foram apresentados pela presidente do Instituto Cabo-verdiano para a Crian\u00e7a e Adolescentes, Zaida Freitas, durante o lan\u00e7amento do projecto \u201cProteja &#8211; Crian\u00e7as e adolescentes livres da<br \/><a class=\"moretag\" href=\"https:\/\/radiocomercial.cv\/?p=1087\">+ Read More<\/a><\/p>\n","protected":false},"author":2,"featured_media":1088,"comment_status":"open","ping_status":"open","sticky":false,"template":"","format":"standard","meta":{"footnotes":""},"categories":[6],"tags":[],"class_list":["post-1087","post","type-post","status-publish","format-standard","has-post-thumbnail","hentry","category-noticias"],"featured_image_src":"https:\/\/radiocomercial.cv\/wp-content\/uploads\/2024\/05\/Zaida-Freitas-Presidnte-ICCA.jpg","featured_image_src_square":"https:\/\/radiocomercial.cv\/wp-content\/uploads\/2024\/05\/Zaida-Freitas-Presidnte-ICCA.jpg","author_info":{"display_name":"Radio Comercial","author_link":"https:\/\/radiocomercial.cv\/?author=2"},"rbea_author_info":{"display_name":"Radio Comercial","author_link":"https:\/\/radiocomercial.cv\/?author=2"},"rbea_excerpt_info":"Em 2023, o ICCA registou 211 den\u00fancias de casos de viol\u00eancia contra crian\u00e7as. Ainda assim, o n\u00famero \u00e9 menor, face a 2022, quando foram assinalados 218 casos Os dados foram apresentados pela presidente do Instituto Cabo-verdiano para a Crian\u00e7a e Adolescentes, Zaida Freitas, durante o lan\u00e7amento do projecto \u201cProteja &#8211; Crian\u00e7as e adolescentes livres da<br><a class=\"moretag\" href=\"https:\/\/radiocomercial.cv\/?p=1087\">+ Read More<\/a>","category_list":"<a href=\"https:\/\/radiocomercial.cv\/?cat=6\" rel=\"category\">Noticias<\/a>","comments_num":"0 comments","_links":{"self":[{"href":"https:\/\/radiocomercial.cv\/index.php?rest_route=\/wp\/v2\/posts\/1087","targetHints":{"allow":["GET"]}}],"collection":[{"href":"https:\/\/radiocomercial.cv\/index.php?rest_route=\/wp\/v2\/posts"}],"about":[{"href":"https:\/\/radiocomercial.cv\/index.php?rest_route=\/wp\/v2\/types\/post"}],"author":[{"embeddable":true,"href":"https:\/\/radiocomercial.cv\/index.php?rest_route=\/wp\/v2\/users\/2"}],"replies":[{"embeddable":true,"href":"https:\/\/radiocomercial.cv\/index.php?rest_route=%2Fwp%2Fv2%2Fcomments&post=1087"}],"version-history":[{"count":3,"href":"https:\/\/radiocomercial.cv\/index.php?rest_route=\/wp\/v2\/posts\/1087\/revisions"}],"predecessor-version":[{"id":1091,"href":"https:\/\/radiocomercial.cv\/index.php?rest_route=\/wp\/v2\/posts\/1087\/revisions\/1091"}],"wp:featuredmedia":[{"embeddable":true,"href":"https:\/\/radiocomercial.cv\/index.php?rest_route=\/wp\/v2\/media\/1088"}],"wp:attachment":[{"href":"https:\/\/radiocomercial.cv\/index.php?rest_route=%2Fwp%2Fv2%2Fmedia&parent=1087"}],"wp:term":[{"taxonomy":"category","embeddable":true,"href":"https:\/\/radiocomercial.cv\/index.php?rest_route=%2Fwp%2Fv2%2Fcategories&post=1087"},{"taxonomy":"post_tag","embeddable":true,"href":"https:\/\/radiocomercial.cv\/index.php?rest_route=%2Fwp%2Fv2%2Ftags&post=1087"}],"curies":[{"name":"wp","href":"https:\/\/api.w.org\/{rel}","templated":true}]}}