{"id":1142,"date":"2024-05-13T18:37:46","date_gmt":"2024-05-13T18:37:46","guid":{"rendered":"https:\/\/radiocomercial.cv\/?p=1142"},"modified":"2024-05-13T18:37:47","modified_gmt":"2024-05-13T18:37:47","slug":"assol-garcia-anuncia-ecos-de-mim-na-cidade-da-praia","status":"publish","type":"post","link":"https:\/\/radiocomercial.cv\/?p=1142","title":{"rendered":"Assol Garcia anuncia \u201cEcos de Mim\u201d na Cidade da Praia"},"content":{"rendered":"\n<p>A cantora foguense que reside nos Estados Unidos apresenta o seu mais novo \u00e1lbum intitulado \u201cEcos de Mim\u201d, no dia 8 de Junho, na Cidade da Praia. A informa\u00e7\u00e3o foi anunciada esta segunda-feira, 13, pela cantora na sua p\u00e1gina na rede social Facebook.<\/p>\n\n\n\n<p>O concerto de apresenta\u00e7\u00e3o do seu \u00e1lbum ser\u00e1 no dia 8 de Junho, \u00e0s 21h00, na Assembleia Nacional. Neste concerto, a cantora promete dar tudo de si, avan\u00e7a Expresso das ilhas.<\/p>\n\n\n\n<p>Lan\u00e7ado em Novembro de 2023, \u201cEcos de mim\u201d, foi gravado entre os Estados Unidos da Am\u00e9rica, Cabo Verde, Fran\u00e7a e Holanda, e re\u00fane compositores renomados como Bet\u00fa, J\u00falio Correia, Princezito, Te\u00f3filo Chantre, Alberto Alves, Kim Alves e Augusto Cego.<\/p>\n\n\n\n<p>O \u00e1lbum tem a marca e produ\u00e7\u00e3o de maioria das faixas de Kim Alves e tamb\u00e9m a produ\u00e7\u00e3o de Toy Vieira, Djim Job, Kal\u00fa Monteiro e Kaku Alves e tamb\u00e9m teve a participa\u00e7\u00e3o de mais de 30 m\u00fasicos.<\/p>\n\n\n\n<p>Morna, Coladeira, Talaia Baixo, s\u00e3o alguns dos g\u00eaneros musicais que comp\u00f5em o disco &#8220;Ecos de mim&#8221; composto por 17 faixas musicais.<\/p>\n\n\n\n<p>De lembrar que Assol Garcia venceu o pr\u00e9mio na categoria \u201cWorld Music Performance\u201d do International Portuguese Music Awards com a m\u00fasica &#8220;Kaxon ka tem cofre&#8221;, tema do seu mais recente CD intitulado &#8220;Ecos de Mim&#8221;.<\/p>\n\n\n\n<p>A cantora natural da ilha do Fogo, est\u00e1 nomeada para os Cabo Verde Music Awards (CVMA) 2024 que acontece no dia 1 de Junho, no Porto da Cidade da Praia.<\/p>\n","protected":false},"excerpt":{"rendered":"<p>A cantora foguense que reside nos Estados Unidos apresenta o seu mais novo \u00e1lbum intitulado \u201cEcos de Mim\u201d, no dia 8 de Junho, na Cidade da Praia. A informa\u00e7\u00e3o foi anunciada esta segunda-feira, 13, pela cantora na sua p\u00e1gina na rede social Facebook. O concerto de apresenta\u00e7\u00e3o do seu \u00e1lbum ser\u00e1 no dia 8 de<br \/><a class=\"moretag\" href=\"https:\/\/radiocomercial.cv\/?p=1142\">+ Read More<\/a><\/p>\n","protected":false},"author":2,"featured_media":1143,"comment_status":"open","ping_status":"open","sticky":false,"template":"","format":"standard","meta":{"footnotes":""},"categories":[6],"tags":[],"class_list":["post-1142","post","type-post","status-publish","format-standard","has-post-thumbnail","hentry","category-noticias"],"featured_image_src":"https:\/\/radiocomercial.cv\/wp-content\/uploads\/2024\/05\/Assol-Gracia-Ecos-de-mim-Praia.jpg","featured_image_src_square":"https:\/\/radiocomercial.cv\/wp-content\/uploads\/2024\/05\/Assol-Gracia-Ecos-de-mim-Praia.jpg","author_info":{"display_name":"Radio Comercial","author_link":"https:\/\/radiocomercial.cv\/?author=2"},"rbea_author_info":{"display_name":"Radio Comercial","author_link":"https:\/\/radiocomercial.cv\/?author=2"},"rbea_excerpt_info":"A cantora foguense que reside nos Estados Unidos apresenta o seu mais novo \u00e1lbum intitulado \u201cEcos de Mim\u201d, no dia 8 de Junho, na Cidade da Praia. A informa\u00e7\u00e3o foi anunciada esta segunda-feira, 13, pela cantora na sua p\u00e1gina na rede social Facebook. O concerto de apresenta\u00e7\u00e3o do seu \u00e1lbum ser\u00e1 no dia 8 de<br><a class=\"moretag\" href=\"https:\/\/radiocomercial.cv\/?p=1142\">+ Read More<\/a>","category_list":"<a href=\"https:\/\/radiocomercial.cv\/?cat=6\" rel=\"category\">Noticias<\/a>","comments_num":"0 comments","_links":{"self":[{"href":"https:\/\/radiocomercial.cv\/index.php?rest_route=\/wp\/v2\/posts\/1142","targetHints":{"allow":["GET"]}}],"collection":[{"href":"https:\/\/radiocomercial.cv\/index.php?rest_route=\/wp\/v2\/posts"}],"about":[{"href":"https:\/\/radiocomercial.cv\/index.php?rest_route=\/wp\/v2\/types\/post"}],"author":[{"embeddable":true,"href":"https:\/\/radiocomercial.cv\/index.php?rest_route=\/wp\/v2\/users\/2"}],"replies":[{"embeddable":true,"href":"https:\/\/radiocomercial.cv\/index.php?rest_route=%2Fwp%2Fv2%2Fcomments&post=1142"}],"version-history":[{"count":1,"href":"https:\/\/radiocomercial.cv\/index.php?rest_route=\/wp\/v2\/posts\/1142\/revisions"}],"predecessor-version":[{"id":1144,"href":"https:\/\/radiocomercial.cv\/index.php?rest_route=\/wp\/v2\/posts\/1142\/revisions\/1144"}],"wp:featuredmedia":[{"embeddable":true,"href":"https:\/\/radiocomercial.cv\/index.php?rest_route=\/wp\/v2\/media\/1143"}],"wp:attachment":[{"href":"https:\/\/radiocomercial.cv\/index.php?rest_route=%2Fwp%2Fv2%2Fmedia&parent=1142"}],"wp:term":[{"taxonomy":"category","embeddable":true,"href":"https:\/\/radiocomercial.cv\/index.php?rest_route=%2Fwp%2Fv2%2Fcategories&post=1142"},{"taxonomy":"post_tag","embeddable":true,"href":"https:\/\/radiocomercial.cv\/index.php?rest_route=%2Fwp%2Fv2%2Ftags&post=1142"}],"curies":[{"name":"wp","href":"https:\/\/api.w.org\/{rel}","templated":true}]}}