{"id":1145,"date":"2024-05-15T12:11:58","date_gmt":"2024-05-15T12:11:58","guid":{"rendered":"https:\/\/radiocomercial.cv\/?p=1145"},"modified":"2024-05-15T12:11:59","modified_gmt":"2024-05-15T12:11:59","slug":"presidente-republica-destaca-papel-das-familias-na-formacao-de-cidadaos-social","status":"publish","type":"post","link":"https:\/\/radiocomercial.cv\/?p=1145","title":{"rendered":"Presidente Rep\u00fablica destaca papel das fam\u00edlias na forma\u00e7\u00e3o de cidad\u00e3os social"},"content":{"rendered":"\n<p>O Presidente da Rep\u00fablica, Jos\u00e9 Maria Neves, destacou hoje que as fam\u00edlias cabo-verdianas desempenham um \u201cpapel fundamental\u201d na forma\u00e7\u00e3o de cidad\u00e3os social e ambientalmente conscientes, mas sublinhou que \u00e9 fundamental que as mesmas sejam empoderadas.<\/p>\n\n\n\n<p>Na sua mensagem para o Dia Internacional da Fam\u00edlia, que se assinala hoje, sob o signo das altera\u00e7\u00f5es clim\u00e1ticas, o Chefe de Estado recordou que os fen\u00f3menos clim\u00e1ticos como o aumento da temperatura, a acidifica\u00e7\u00e3o dos oceanos, a seca severa ou as inunda\u00e7\u00f5es t\u00eam tido um impacto muito forte na vida das fam\u00edlias.<\/p>\n\n\n\n<p>\u201cMuitas fam\u00edlias t\u00eam perdido os seus rendimentos e a qualidade de vida tem vindo a deteriorar-se\u201d, precisou Jos\u00e9 Maria Neves que defendeu que \u00e9 fundamental que as fam\u00edlias sejam empoderadas no sentido de desempenharem um papel nuclear na educa\u00e7\u00e3o ambiental, para que todos tenham as informa\u00e7\u00f5es e os conhecimentos necess\u00e1rios que lhes permitam fazer face \u00e0s altera\u00e7\u00f5es clim\u00e1ticas.<\/p>\n\n\n\n<p>Enquanto Patrono da D\u00e9cada do Oceano e Champion da Uni\u00e3o Africana para a Preserva\u00e7\u00e3o do Patrim\u00f3nio Natural e Cultural, apelou a todas as fam\u00edlias africanas e cabo-verdianas a trabalharem para a educa\u00e7\u00e3o das crian\u00e7as, dos adolescentes, dos jovens, no sentido de conhecerem melhor os fen\u00f3menos resultantes das altera\u00e7\u00f5es clim\u00e1ticas de modo a tomarem medidas que se mostrarem necess\u00e1rias para mitigar os efeitos nefastos das mudan\u00e7as clim\u00e1ticas.<\/p>\n\n\n\n<p>Na ocasi\u00e3o, lembrou que as fam\u00edlias africanas e cabo-verdianas sofrem ainda com as consequ\u00eancias das desigualdades sociais e das manchas significativas de pobreza, e neste sentido, devem trabalhar juntos para um crescimento inclusivo e ambientalmente sustent\u00e1vel, para garantir mais meios de subsist\u00eancia, para que todas tenham as condi\u00e7\u00f5es necess\u00e1rias para exercerem o seu papel fundamental no dom\u00ednio da educa\u00e7\u00e3o.<\/p>\n\n\n\n<p>No seu entender, os valores ligados \u00e0 preserva\u00e7\u00e3o ambiental, ao trabalho, \u00e0 \u00e9tica e \u00e0 responsabilidade, s\u00e3o transmitidos, em primeiro lugar no seio das fam\u00edlias e depois nas escolas, igrejas, ONG, partidos pol\u00edticos, sindicatos, sociedade civil cabendo a cada um fazer a parte que lhe cabe.<\/p>\n\n\n\n<p>Na mensagem o Chefe de Estado chamou ainda a aten\u00e7\u00e3o para a necessidade da maternidade e da paternidade respons\u00e1veis, real\u00e7ando que as m\u00e3es e os pais devem exercer o seu papel para proteger os seus filhos, para que tenham consci\u00eancia do seu papel na sociedade, preservarem o ambiente e criarem as condi\u00e7\u00f5es para viverem num planeta muito melhor.<\/p>\n\n\n\n<p>O Presidente da Rep\u00fablica defendeu ainda que \u00e9 \u201cfundamental\u201d que todos trabalhem para que haja mais igualdade entre as mulheres e os homens e eliminar a viol\u00eancia com base no g\u00e9nero e a viol\u00eancia sexual contra menores.<\/p>\n\n\n\n<p>\u201c\u00c9 fundamental acendermos o facho para iluminar os nossos caminhos no sentido de construirmos fam\u00edlias mais fortes, mais empoderadas, mais resilientes, capazes de desempenharem o seu papel de educa\u00e7\u00e3o integral, mas, sobretudo, uma educa\u00e7\u00e3o voltada para a preserva\u00e7\u00e3o do meio ambiente\u201d, concluiu.<\/p>\n\n\n\n<p>Refira-se que, o Minist\u00e9rio da Fam\u00edlia, Inclus\u00e3o e Desenvolvimento Social assinala, este ano, o Dia Internacional da Fam\u00edlia atrav\u00e9s de &#8220;conversas abertas&#8221; em v\u00e1rias escolas com as fam\u00edlias, com o intuito de destacar a sua import\u00e2ncia na base da educa\u00e7\u00e3o e protec\u00e7\u00e3o infantil.<\/p>\n","protected":false},"excerpt":{"rendered":"<p>O Presidente da Rep\u00fablica, Jos\u00e9 Maria Neves, destacou hoje que as fam\u00edlias cabo-verdianas desempenham um \u201cpapel fundamental\u201d na forma\u00e7\u00e3o de cidad\u00e3os social e ambientalmente conscientes, mas sublinhou que \u00e9 fundamental que as mesmas sejam empoderadas. Na sua mensagem para o Dia Internacional da Fam\u00edlia, que se assinala hoje, sob o signo das altera\u00e7\u00f5es clim\u00e1ticas, o<br \/><a class=\"moretag\" href=\"https:\/\/radiocomercial.cv\/?p=1145\">+ Read More<\/a><\/p>\n","protected":false},"author":2,"featured_media":1146,"comment_status":"open","ping_status":"open","sticky":false,"template":"","format":"standard","meta":{"footnotes":""},"categories":[6],"tags":[],"class_list":["post-1145","post","type-post","status-publish","format-standard","has-post-thumbnail","hentry","category-noticias"],"featured_image_src":"https:\/\/radiocomercial.cv\/wp-content\/uploads\/2024\/05\/PR-Mensagem-Dia-da-Familia.jpg","featured_image_src_square":"https:\/\/radiocomercial.cv\/wp-content\/uploads\/2024\/05\/PR-Mensagem-Dia-da-Familia.jpg","author_info":{"display_name":"Radio Comercial","author_link":"https:\/\/radiocomercial.cv\/?author=2"},"rbea_author_info":{"display_name":"Radio Comercial","author_link":"https:\/\/radiocomercial.cv\/?author=2"},"rbea_excerpt_info":"O Presidente da Rep\u00fablica, Jos\u00e9 Maria Neves, destacou hoje que as fam\u00edlias cabo-verdianas desempenham um \u201cpapel fundamental\u201d na forma\u00e7\u00e3o de cidad\u00e3os social e ambientalmente conscientes, mas sublinhou que \u00e9 fundamental que as mesmas sejam empoderadas. Na sua mensagem para o Dia Internacional da Fam\u00edlia, que se assinala hoje, sob o signo das altera\u00e7\u00f5es clim\u00e1ticas, o<br><a class=\"moretag\" href=\"https:\/\/radiocomercial.cv\/?p=1145\">+ Read More<\/a>","category_list":"<a href=\"https:\/\/radiocomercial.cv\/?cat=6\" rel=\"category\">Noticias<\/a>","comments_num":"0 comments","_links":{"self":[{"href":"https:\/\/radiocomercial.cv\/index.php?rest_route=\/wp\/v2\/posts\/1145","targetHints":{"allow":["GET"]}}],"collection":[{"href":"https:\/\/radiocomercial.cv\/index.php?rest_route=\/wp\/v2\/posts"}],"about":[{"href":"https:\/\/radiocomercial.cv\/index.php?rest_route=\/wp\/v2\/types\/post"}],"author":[{"embeddable":true,"href":"https:\/\/radiocomercial.cv\/index.php?rest_route=\/wp\/v2\/users\/2"}],"replies":[{"embeddable":true,"href":"https:\/\/radiocomercial.cv\/index.php?rest_route=%2Fwp%2Fv2%2Fcomments&post=1145"}],"version-history":[{"count":1,"href":"https:\/\/radiocomercial.cv\/index.php?rest_route=\/wp\/v2\/posts\/1145\/revisions"}],"predecessor-version":[{"id":1147,"href":"https:\/\/radiocomercial.cv\/index.php?rest_route=\/wp\/v2\/posts\/1145\/revisions\/1147"}],"wp:featuredmedia":[{"embeddable":true,"href":"https:\/\/radiocomercial.cv\/index.php?rest_route=\/wp\/v2\/media\/1146"}],"wp:attachment":[{"href":"https:\/\/radiocomercial.cv\/index.php?rest_route=%2Fwp%2Fv2%2Fmedia&parent=1145"}],"wp:term":[{"taxonomy":"category","embeddable":true,"href":"https:\/\/radiocomercial.cv\/index.php?rest_route=%2Fwp%2Fv2%2Fcategories&post=1145"},{"taxonomy":"post_tag","embeddable":true,"href":"https:\/\/radiocomercial.cv\/index.php?rest_route=%2Fwp%2Fv2%2Ftags&post=1145"}],"curies":[{"name":"wp","href":"https:\/\/api.w.org\/{rel}","templated":true}]}}