{"id":1254,"date":"2024-06-07T16:23:27","date_gmt":"2024-06-07T16:23:27","guid":{"rendered":"https:\/\/radiocomercial.cv\/?p=1254"},"modified":"2024-06-07T16:23:27","modified_gmt":"2024-06-07T16:23:27","slug":"supa-squad-colabora-com-soraia-ramos-no-single-povo","status":"publish","type":"post","link":"https:\/\/radiocomercial.cv\/?p=1254","title":{"rendered":"Supa Squad colabora com Soraia Ramos no single \u201cPovo\u201d"},"content":{"rendered":"\n<p>O grupo musical Supa Squad, em colabora\u00e7\u00e3o com a cantora Soraia Ramos lan\u00e7a esta sexta-feira, 7, nas plataformas digitais o seu mais recente single intitulado &#8220;Povo&#8221;.<\/p>\n\n\n\n<p>Segundo uma nota enviada, o single \u00e9 uma fus\u00e3o inovadora de Drill e Afrobeat, \u201ccapturando a rica diversidade cultural e musical de Cabo Verde\u201d.<\/p>\n\n\n\n<p>\u201cEsta faixa, que presta uma vibrante homenagem ao povo de Cabo Verde, promete ser a banda sonora do Ver\u00e3o de 2024 e ser presen\u00e7a garantida nas principais pistas de dan\u00e7a globais\u201d, indicou.<\/p>\n\n\n\n<p>A composi\u00e7\u00e3o, conforme a mesma fonte foi feita pelos tr\u00eas artistas e a produ\u00e7\u00e3o ficou nas m\u00e3os do multi-platinado Mr. Marley, uma figura essencial nos principais hits da m\u00fasica urbana portuguesa, que trouxe uma nova dimens\u00e3o sonora a esta colabora\u00e7\u00e3o.<\/p>\n\n\n\n<p>O tema foi lan\u00e7ado pela label de elei\u00e7\u00e3o Trinity Records e distribu\u00eddo pela Sony Music Portugal.<\/p>\n\n\n\n<p>J\u00e1 o videoclip de &#8220;Povo&#8221; foi realizado por Clacket V\u00eddeos, gravado na Cidade da Praia. \u201ccom planos paradis\u00edacos que capturam a ess\u00eancia e a beleza do pa\u00eds, o v\u00eddeo oferece um tributo visual que n\u00e3o fica nada aqu\u00e9m da m\u00fasica&#8221;.<\/p>\n\n\n\n<p>Para a mesma fonte, este lan\u00e7amento segue o enorme sucesso de &#8220;Minha Terra&#8221;, a multi-platinada colabora\u00e7\u00e3o dos Supa Squad com Mariza e Apollo G, que recentemente ganhou o pr\u00e9mio de Melhor Colabora\u00e7\u00e3o do Ano nos Cabo Verde Music Awards 2024 (CVMA).<\/p>\n\n\n\n<p>Supa Squad continua a sua trajet\u00f3ria ascendente na cena musical, e esta nova colabora\u00e7\u00e3o com Soraia Ramos \u00e9 mais um marco na sua carreira.<\/p>\n\n\n\n<p>A mesma fonte explica que o single n\u00e3o \u00e9 apenas uma celebra\u00e7\u00e3o da cultura cabo-verdiana, mas tamb\u00e9m um testamento \u00e0 capacidade do grupo de inovar e cativar o seu p\u00fablico.<\/p>\n","protected":false},"excerpt":{"rendered":"<p>O grupo musical Supa Squad, em colabora\u00e7\u00e3o com a cantora Soraia Ramos lan\u00e7a esta sexta-feira, 7, nas plataformas digitais o seu mais recente single intitulado &#8220;Povo&#8221;. Segundo uma nota enviada, o single \u00e9 uma fus\u00e3o inovadora de Drill e Afrobeat, \u201ccapturando a rica diversidade cultural e musical de Cabo Verde\u201d. \u201cEsta faixa, que presta uma<br \/><a class=\"moretag\" href=\"https:\/\/radiocomercial.cv\/?p=1254\">+ Read More<\/a><\/p>\n","protected":false},"author":2,"featured_media":1256,"comment_status":"open","ping_status":"open","sticky":false,"template":"","format":"standard","meta":{"footnotes":""},"categories":[6],"tags":[],"class_list":["post-1254","post","type-post","status-publish","format-standard","has-post-thumbnail","hentry","category-noticias"],"featured_image_src":"https:\/\/radiocomercial.cv\/wp-content\/uploads\/2024\/06\/Supa-Squad-feat-Soraia-Ramos-Povo.jpg","featured_image_src_square":"https:\/\/radiocomercial.cv\/wp-content\/uploads\/2024\/06\/Supa-Squad-feat-Soraia-Ramos-Povo.jpg","author_info":{"display_name":"Radio Comercial","author_link":"https:\/\/radiocomercial.cv\/?author=2"},"rbea_author_info":{"display_name":"Radio Comercial","author_link":"https:\/\/radiocomercial.cv\/?author=2"},"rbea_excerpt_info":"O grupo musical Supa Squad, em colabora\u00e7\u00e3o com a cantora Soraia Ramos lan\u00e7a esta sexta-feira, 7, nas plataformas digitais o seu mais recente single intitulado &#8220;Povo&#8221;. Segundo uma nota enviada, o single \u00e9 uma fus\u00e3o inovadora de Drill e Afrobeat, \u201ccapturando a rica diversidade cultural e musical de Cabo Verde\u201d. \u201cEsta faixa, que presta uma<br><a class=\"moretag\" href=\"https:\/\/radiocomercial.cv\/?p=1254\">+ Read More<\/a>","category_list":"<a href=\"https:\/\/radiocomercial.cv\/?cat=6\" rel=\"category\">Noticias<\/a>","comments_num":"0 comments","_links":{"self":[{"href":"https:\/\/radiocomercial.cv\/index.php?rest_route=\/wp\/v2\/posts\/1254","targetHints":{"allow":["GET"]}}],"collection":[{"href":"https:\/\/radiocomercial.cv\/index.php?rest_route=\/wp\/v2\/posts"}],"about":[{"href":"https:\/\/radiocomercial.cv\/index.php?rest_route=\/wp\/v2\/types\/post"}],"author":[{"embeddable":true,"href":"https:\/\/radiocomercial.cv\/index.php?rest_route=\/wp\/v2\/users\/2"}],"replies":[{"embeddable":true,"href":"https:\/\/radiocomercial.cv\/index.php?rest_route=%2Fwp%2Fv2%2Fcomments&post=1254"}],"version-history":[{"count":1,"href":"https:\/\/radiocomercial.cv\/index.php?rest_route=\/wp\/v2\/posts\/1254\/revisions"}],"predecessor-version":[{"id":1257,"href":"https:\/\/radiocomercial.cv\/index.php?rest_route=\/wp\/v2\/posts\/1254\/revisions\/1257"}],"wp:featuredmedia":[{"embeddable":true,"href":"https:\/\/radiocomercial.cv\/index.php?rest_route=\/wp\/v2\/media\/1256"}],"wp:attachment":[{"href":"https:\/\/radiocomercial.cv\/index.php?rest_route=%2Fwp%2Fv2%2Fmedia&parent=1254"}],"wp:term":[{"taxonomy":"category","embeddable":true,"href":"https:\/\/radiocomercial.cv\/index.php?rest_route=%2Fwp%2Fv2%2Fcategories&post=1254"},{"taxonomy":"post_tag","embeddable":true,"href":"https:\/\/radiocomercial.cv\/index.php?rest_route=%2Fwp%2Fv2%2Ftags&post=1254"}],"curies":[{"name":"wp","href":"https:\/\/api.w.org\/{rel}","templated":true}]}}