{"id":1261,"date":"2024-06-10T19:37:36","date_gmt":"2024-06-10T19:37:36","guid":{"rendered":"https:\/\/radiocomercial.cv\/?p=1261"},"modified":"2024-06-10T19:37:37","modified_gmt":"2024-06-10T19:37:37","slug":"bubista-diz-equipa-esta-focado-na-vitoria-frente-a-libia","status":"publish","type":"post","link":"https:\/\/radiocomercial.cv\/?p=1261","title":{"rendered":"Bubista diz equipa est\u00e1 focado na vit\u00f3ria frente \u00e0 L\u00edbia"},"content":{"rendered":"\n<p>O seleccionador de Cabo Verde de futebol admitiu hoje que os jogadores ainda n\u00e3o est\u00e3o a 100 por cento fisicamente para o jogo de ter\u00e7a-feira contra a L\u00edbia, mas frisou que o colectivo est\u00e1 focado na vit\u00f3ria.<\/p>\n\n\n\n<p>Pedro Brito \u201cBubista\u201d fez esta radiografia \u00e0 imprensa no final do \u00fanico treino para o embate da quarta jornada contra a L\u00edbia, no Est\u00e1dio Nacional em Achada de S\u00e3o Filipe, onde disse esperar que toda a equipa possa estar bem preparada fisicamente e em condi\u00e7\u00f5es para regressar \u00e0s vit\u00f3rias.<\/p>\n\n\n\n<p>\u201cN\u00e3o temos grandes mazelas assim porque n\u00e3o temos jogadores inaptos. Sabemos que a L\u00edbia \u00e9 um advers\u00e1rio dif\u00edcil, vem de um ano sem qualquer derrota e na \u00faltima vez que esteve c\u00e1 derrotou Cabo Verde. Da\u00ed que temos de procurar ser uma equipa organizada, agressiva e com vontade de vencer, principalmente\u201d, explicou o timoneiro.<\/p>\n\n\n\n<p>Relativamente \u00e0 derrota 1-4 nos Camar\u00f5es, reconheceu que \u201co resultado foi um tanto ou quanto esquisito\u201d, por ter sofrido todos os quatro golos de bola parada, quando Cabo Verde \u00e9 conhecido pela sua seguran\u00e7a em bolas paradas, real\u00e7ando, contudo, que jogar em casa dos Camar\u00f5es n\u00e3o \u00e9 tarefa f\u00e1cil para qualquer advers\u00e1rio.<\/p>\n\n\n\n<p>\u201cA nossa equipa n\u00e3o perde qualidade num \u00fanico jogo. Cabo Verde vinha de sete jogos sem quaisquer derrotas e quatro jogos sem sofrer golos e (s\u00e1bado, 08) num \u00fanico jogo sofremos quatro de uma assentada. A nossa equipa est\u00e1 cada vez mais forte, mais focada e temos condi\u00e7\u00f5es de continuar na luta pela classifica\u00e7\u00e3o\u201d, explicitou.<\/p>\n\n\n\n<p>Para Bubista, numa classifica\u00e7\u00e3o como esta para o mundial, o importante \u00e9 vencer os jogos em casa e procurar pontuar fora, salientando que Cabo Verde \u00e9 das poucas equipas do grupo que venceu fora de portas nesta qualifica\u00e7\u00e3o, quando&nbsp; ainda est\u00e3o em jogo sete jogos, 21 pontos, o que implica muita resist\u00eancia, consist\u00eancia e muita paci\u00eancia.<\/p>\n\n\n\n<p>O jogo Cabo Verde &#8211; L\u00edbia, a contar para quarta jornada do Grupo D de qualifica\u00e7\u00e3o africana para o Mundial realiza-se \u00e0s 15:00 de ter\u00e7a-feira 11, no Est\u00e1dio Nacional, em Achada de S\u00e3o Filipe.<\/p>\n\n\n\n<p>Camar\u00f5es e L\u00edbia partilham a lideran\u00e7a do Grupo com sete pontos, seguida de Angola com cinco, Cabo Verde com quatro, Maur\u00edcia com um e Essuat\u00edni, sem qualquer ponto.<\/p>\n\n\n\n<p>Fonte: Inforpress<\/p>\n","protected":false},"excerpt":{"rendered":"<p>O seleccionador de Cabo Verde de futebol admitiu hoje que os jogadores ainda n\u00e3o est\u00e3o a 100 por cento fisicamente para o jogo de ter\u00e7a-feira contra a L\u00edbia, mas frisou que o colectivo est\u00e1 focado na vit\u00f3ria. Pedro Brito \u201cBubista\u201d fez esta radiografia \u00e0 imprensa no final do \u00fanico treino para o embate da quarta<br \/><a class=\"moretag\" href=\"https:\/\/radiocomercial.cv\/?p=1261\">+ Read More<\/a><\/p>\n","protected":false},"author":2,"featured_media":1262,"comment_status":"open","ping_status":"open","sticky":false,"template":"","format":"standard","meta":{"footnotes":""},"categories":[6],"tags":[],"class_list":["post-1261","post","type-post","status-publish","format-standard","has-post-thumbnail","hentry","category-noticias"],"featured_image_src":"https:\/\/radiocomercial.cv\/wp-content\/uploads\/2024\/06\/Bubista-Treinador-de-futebol-cabo-verdiano.jpg","featured_image_src_square":"https:\/\/radiocomercial.cv\/wp-content\/uploads\/2024\/06\/Bubista-Treinador-de-futebol-cabo-verdiano.jpg","author_info":{"display_name":"Radio Comercial","author_link":"https:\/\/radiocomercial.cv\/?author=2"},"rbea_author_info":{"display_name":"Radio Comercial","author_link":"https:\/\/radiocomercial.cv\/?author=2"},"rbea_excerpt_info":"O seleccionador de Cabo Verde de futebol admitiu hoje que os jogadores ainda n\u00e3o est\u00e3o a 100 por cento fisicamente para o jogo de ter\u00e7a-feira contra a L\u00edbia, mas frisou que o colectivo est\u00e1 focado na vit\u00f3ria. Pedro Brito \u201cBubista\u201d fez esta radiografia \u00e0 imprensa no final do \u00fanico treino para o embate da quarta<br><a class=\"moretag\" href=\"https:\/\/radiocomercial.cv\/?p=1261\">+ Read More<\/a>","category_list":"<a href=\"https:\/\/radiocomercial.cv\/?cat=6\" rel=\"category\">Noticias<\/a>","comments_num":"0 comments","_links":{"self":[{"href":"https:\/\/radiocomercial.cv\/index.php?rest_route=\/wp\/v2\/posts\/1261","targetHints":{"allow":["GET"]}}],"collection":[{"href":"https:\/\/radiocomercial.cv\/index.php?rest_route=\/wp\/v2\/posts"}],"about":[{"href":"https:\/\/radiocomercial.cv\/index.php?rest_route=\/wp\/v2\/types\/post"}],"author":[{"embeddable":true,"href":"https:\/\/radiocomercial.cv\/index.php?rest_route=\/wp\/v2\/users\/2"}],"replies":[{"embeddable":true,"href":"https:\/\/radiocomercial.cv\/index.php?rest_route=%2Fwp%2Fv2%2Fcomments&post=1261"}],"version-history":[{"count":1,"href":"https:\/\/radiocomercial.cv\/index.php?rest_route=\/wp\/v2\/posts\/1261\/revisions"}],"predecessor-version":[{"id":1263,"href":"https:\/\/radiocomercial.cv\/index.php?rest_route=\/wp\/v2\/posts\/1261\/revisions\/1263"}],"wp:featuredmedia":[{"embeddable":true,"href":"https:\/\/radiocomercial.cv\/index.php?rest_route=\/wp\/v2\/media\/1262"}],"wp:attachment":[{"href":"https:\/\/radiocomercial.cv\/index.php?rest_route=%2Fwp%2Fv2%2Fmedia&parent=1261"}],"wp:term":[{"taxonomy":"category","embeddable":true,"href":"https:\/\/radiocomercial.cv\/index.php?rest_route=%2Fwp%2Fv2%2Fcategories&post=1261"},{"taxonomy":"post_tag","embeddable":true,"href":"https:\/\/radiocomercial.cv\/index.php?rest_route=%2Fwp%2Fv2%2Ftags&post=1261"}],"curies":[{"name":"wp","href":"https:\/\/api.w.org\/{rel}","templated":true}]}}