{"id":1264,"date":"2024-06-12T12:14:48","date_gmt":"2024-06-12T12:14:48","guid":{"rendered":"https:\/\/radiocomercial.cv\/?p=1264"},"modified":"2024-06-12T12:14:49","modified_gmt":"2024-06-12T12:14:49","slug":"vitoria-muito-importante-ante-uma-seleccao-que-nao-perdia-ha-um-ano-bubista","status":"publish","type":"post","link":"https:\/\/radiocomercial.cv\/?p=1264","title":{"rendered":"Vit\u00f3ria muito importante ante uma selec\u00e7\u00e3o que n\u00e3o perdia h\u00e1 um ano \u2013 Bubista"},"content":{"rendered":"\n<p>O seleccionador nacional Bubista classificou hoje, na Cidade da Praia, de \u201cmuito importante a vit\u00f3ria, sobre a L\u00edbia, \u201cum advers\u00e1rio que n\u00e3o perdia um jogo h\u00e1 um ano\u201d e que ocupava o primeiro lugar do grupo de qualifica\u00e7\u00e3o para o Mundial\u00b42026.<\/p>\n\n\n\n<p>A selec\u00e7\u00e3o de nacional de futebol venceu a cong\u00e9nere da L\u00edbia por 1-0, em jogo a contar para a quarta jornada do grupo D, de qualifica\u00e7\u00e3o para o Mundial\u20192026, com golo solit\u00e1rio do defesa-central Diney Borges, apontado aos 10 minutos.<\/p>\n\n\n\n<p>\u201cFoi uma vit\u00f3ria dif\u00edcil, mas importante e contra uma equipa que ocupava o primeiro do grupo. Al\u00e9m disso, estava h\u00e1 um ano sem perder \u201c, notou Bubista, em confer\u00eancia de imprensa, logo ap\u00f3s o triunfo de Cabo Verde sobre os magrebinos.<\/p>\n\n\n\n<p>Na an\u00e1lise do jogo, que foi marcado por algum sofrimento na segunda parte, considerou que a selec\u00e7\u00e3o advers\u00e1ria estava mais \u201cfresca&#8221;, uma vez que, conforme frisou, teve mais tempo de recupera\u00e7\u00e3o, salientando igualmente o desgaste da viagem da equipa nacional cabo-verdiana.<\/p>\n\n\n\n<p>\u201cO mais importante foi a vit\u00f3ria e o car\u00e1cter que a equipa demonstrou durante todo o jogo. Tivemos bastante cora\u00e7\u00e3o e qualidade, bem como condi\u00e7\u00f5es para ampliar a vantagem\u201d, observou Bubista, manifestando-se \u201csatisfeito\u201d pela resposta da equipa ap\u00f3s a derrota (4-1) com os Camar\u00f5es, em jogo referente \u00e0 terceira jornada.<\/p>\n\n\n\n<p>Esta vit\u00f3ria deixa Cabo Verde com os mesmos sete pontos que a L\u00edbia, os Camar\u00f5es oito pontos, Angola seis pontos. As ilhas Maur\u00edcias, que venceram a Essuat\u00edni (zero ponto) por 2-1 passam a contar com quatro pontos.<\/p>\n\n\n\n<p>Os 54 pa\u00edses africanos, conforme o novo regulamento, foram divididos em nove grupos de seis selec\u00e7\u00f5es (Grupo A a I) e os vencedores de cada grupo classificam-se automaticamente para o Mundial\u20192026.<\/p>\n\n\n\n<p>Os quatro melhores segundos v\u00e3o disputar uma final-four onde vai ficar decidida a equipa que vai representar \u00c1frica numa repescagem intercontinental, que poder\u00e1 aumentar para 10 o n\u00famero de pa\u00edses africanos na prova a realizar-se no Canad\u00e1, Estados Unidos da Am\u00e9rica e M\u00e9xico.<\/p>\n\n\n\n<p>Fonte: Inforpress<\/p>\n","protected":false},"excerpt":{"rendered":"<p>O seleccionador nacional Bubista classificou hoje, na Cidade da Praia, de \u201cmuito importante a vit\u00f3ria, sobre a L\u00edbia, \u201cum advers\u00e1rio que n\u00e3o perdia um jogo h\u00e1 um ano\u201d e que ocupava o primeiro lugar do grupo de qualifica\u00e7\u00e3o para o Mundial\u00b42026. A selec\u00e7\u00e3o de nacional de futebol venceu a cong\u00e9nere da L\u00edbia por 1-0, em<br \/><a class=\"moretag\" href=\"https:\/\/radiocomercial.cv\/?p=1264\">+ Read More<\/a><\/p>\n","protected":false},"author":2,"featured_media":1265,"comment_status":"open","ping_status":"open","sticky":false,"template":"","format":"standard","meta":{"footnotes":""},"categories":[6],"tags":[],"class_list":["post-1264","post","type-post","status-publish","format-standard","has-post-thumbnail","hentry","category-noticias"],"featured_image_src":"https:\/\/radiocomercial.cv\/wp-content\/uploads\/2024\/06\/Bubista-Selecionador-jogo-Libia.jpg","featured_image_src_square":"https:\/\/radiocomercial.cv\/wp-content\/uploads\/2024\/06\/Bubista-Selecionador-jogo-Libia.jpg","author_info":{"display_name":"Radio Comercial","author_link":"https:\/\/radiocomercial.cv\/?author=2"},"rbea_author_info":{"display_name":"Radio Comercial","author_link":"https:\/\/radiocomercial.cv\/?author=2"},"rbea_excerpt_info":"O seleccionador nacional Bubista classificou hoje, na Cidade da Praia, de \u201cmuito importante a vit\u00f3ria, sobre a L\u00edbia, \u201cum advers\u00e1rio que n\u00e3o perdia um jogo h\u00e1 um ano\u201d e que ocupava o primeiro lugar do grupo de qualifica\u00e7\u00e3o para o Mundial\u00b42026. A selec\u00e7\u00e3o de nacional de futebol venceu a cong\u00e9nere da L\u00edbia por 1-0, em<br><a class=\"moretag\" href=\"https:\/\/radiocomercial.cv\/?p=1264\">+ Read More<\/a>","category_list":"<a href=\"https:\/\/radiocomercial.cv\/?cat=6\" rel=\"category\">Noticias<\/a>","comments_num":"0 comments","_links":{"self":[{"href":"https:\/\/radiocomercial.cv\/index.php?rest_route=\/wp\/v2\/posts\/1264","targetHints":{"allow":["GET"]}}],"collection":[{"href":"https:\/\/radiocomercial.cv\/index.php?rest_route=\/wp\/v2\/posts"}],"about":[{"href":"https:\/\/radiocomercial.cv\/index.php?rest_route=\/wp\/v2\/types\/post"}],"author":[{"embeddable":true,"href":"https:\/\/radiocomercial.cv\/index.php?rest_route=\/wp\/v2\/users\/2"}],"replies":[{"embeddable":true,"href":"https:\/\/radiocomercial.cv\/index.php?rest_route=%2Fwp%2Fv2%2Fcomments&post=1264"}],"version-history":[{"count":1,"href":"https:\/\/radiocomercial.cv\/index.php?rest_route=\/wp\/v2\/posts\/1264\/revisions"}],"predecessor-version":[{"id":1266,"href":"https:\/\/radiocomercial.cv\/index.php?rest_route=\/wp\/v2\/posts\/1264\/revisions\/1266"}],"wp:featuredmedia":[{"embeddable":true,"href":"https:\/\/radiocomercial.cv\/index.php?rest_route=\/wp\/v2\/media\/1265"}],"wp:attachment":[{"href":"https:\/\/radiocomercial.cv\/index.php?rest_route=%2Fwp%2Fv2%2Fmedia&parent=1264"}],"wp:term":[{"taxonomy":"category","embeddable":true,"href":"https:\/\/radiocomercial.cv\/index.php?rest_route=%2Fwp%2Fv2%2Fcategories&post=1264"},{"taxonomy":"post_tag","embeddable":true,"href":"https:\/\/radiocomercial.cv\/index.php?rest_route=%2Fwp%2Fv2%2Ftags&post=1264"}],"curies":[{"name":"wp","href":"https:\/\/api.w.org\/{rel}","templated":true}]}}