{"id":1267,"date":"2024-06-12T19:38:32","date_gmt":"2024-06-12T19:38:32","guid":{"rendered":"https:\/\/radiocomercial.cv\/?p=1267"},"modified":"2024-06-12T19:38:33","modified_gmt":"2024-06-12T19:38:33","slug":"vistos-de-curta-duracao-para-o-espaco-schengen-ficam-mais-caros","status":"publish","type":"post","link":"https:\/\/radiocomercial.cv\/?p=1267","title":{"rendered":"Vistos de curta dura\u00e7\u00e3o para o Espa\u00e7o Schengen ficam mais caros"},"content":{"rendered":"\n<p>A Comiss\u00e3o Europeia anunciou hoje que um aumento significativo nos pre\u00e7os dos vistos Schengen. A partir de hoje, os emolumentos para a obten\u00e7\u00e3o destes vistos sofrer\u00e3o um acr\u00e9scimo de 12%.<\/p>\n\n\n\n<p>Com esta actualiza\u00e7\u00e3o, a taxa base para um visto Schengen para adultos sobe dos actuais 80 para 90 euros, enquanto para crian\u00e7as o valor aumentar\u00e1 de 40 para 45 euros. A Comiss\u00e3o Europeia (CE) justifica esta subida com a infla\u00e7\u00e3o nos Estados-Membros.<\/p>\n\n\n\n<p>A CE avalia os emolumentos dos vistos a cada tr\u00eas anos, podendo aument\u00e1-los com base em \u201ccrit\u00e9rios objectivos\u201d, como as taxas de infla\u00e7\u00e3o. A proposta para o aumento dos pre\u00e7os tinha sido apresentada em Fevereiro, ap\u00f3s uma reuni\u00e3o realizada em Dezembro do ano passado, onde os Estados-Membros apoiaram a revis\u00e3o por uma \u201cmaioria esmagadora\u201d.<\/p>\n\n\n\n<p>Al\u00e9m disso, a Comiss\u00e3o prop\u00f4s que os prestadores externos de vistos Schengen possam ajustar as suas taxas em conformidade com esta revis\u00e3o. Actualmente, o montante m\u00e1ximo que estes prestadores, como as ag\u00eancias de vistos, podem cobrar \u00e9 geralmente metade da taxa normal. A CE sugeriu aumentar este valor de 40 para 45 euros.<\/p>\n\n\n\n<p>No entanto, os emolumentos para a prorroga\u00e7\u00e3o de um visto Schengen permanecer\u00e3o fixos em 30 euros.&nbsp;<\/p>\n\n\n\n<p>A Uni\u00e3o Europeia est\u00e1 tamb\u00e9m a considerar aumentos adicionais para pa\u00edses que demonstrem \u201ccoopera\u00e7\u00e3o insuficiente em mat\u00e9ria de readmiss\u00e3o\u201d, ou seja, que n\u00e3o aceitem a reentrada de pessoas expulsas dos Estados-Membros. Para esses pa\u00edses, o custo poder\u00e1 aumentar de 120 para 135 euros e de 160 para 180 euros.<\/p>\n\n\n\n<p>Os vistos Schengen s\u00e3o necess\u00e1rios para cidad\u00e3os de pa\u00edses terceiros que n\u00e3o beneficiam da regra dos 90 dias do espa\u00e7o UE\/Schengen. Entre esses pa\u00edses est\u00e3o a \u00c1frica do Sul, \u00cdndia, Paquist\u00e3o, Sri Lanka e China, entre outros. Estes vistos s\u00e3o utilizados para turismo ou visitas a familiares e amigos, mas n\u00e3o podem ser utilizados para trabalhar nos 28 pa\u00edses europeus do espa\u00e7o Schengen. Com um visto Schengen, \u00e9 poss\u00edvel visitar a \u00e1rea por um m\u00e1ximo de 90 dias num per\u00edodo de seis meses.<\/p>\n\n\n\n<p>Cidad\u00e3os de pa\u00edses como os Estados Unidos, Canad\u00e1, Reino Unido e Austr\u00e1lia n\u00e3o precisam de visto Schengen para visitas curtas, devido ao direito a 90 dias de viagem sem visto em cada 180 dias. Contudo, aqueles que desejam permanecer mais tempo ou trabalhar ter\u00e3o de solicitar um visto espec\u00edfico ao pa\u00eds de destino.<\/p>\n\n\n\n<p>Fonte: Expresso das Ilhas <\/p>\n","protected":false},"excerpt":{"rendered":"<p>A Comiss\u00e3o Europeia anunciou hoje que um aumento significativo nos pre\u00e7os dos vistos Schengen. A partir de hoje, os emolumentos para a obten\u00e7\u00e3o destes vistos sofrer\u00e3o um acr\u00e9scimo de 12%. Com esta actualiza\u00e7\u00e3o, a taxa base para um visto Schengen para adultos sobe dos actuais 80 para 90 euros, enquanto para crian\u00e7as o valor aumentar\u00e1<br \/><a class=\"moretag\" href=\"https:\/\/radiocomercial.cv\/?p=1267\">+ Read More<\/a><\/p>\n","protected":false},"author":2,"featured_media":1268,"comment_status":"open","ping_status":"open","sticky":false,"template":"","format":"standard","meta":{"footnotes":""},"categories":[6],"tags":[],"class_list":["post-1267","post","type-post","status-publish","format-standard","has-post-thumbnail","hentry","category-noticias"],"featured_image_src":"https:\/\/radiocomercial.cv\/wp-content\/uploads\/2024\/06\/visto-schengen.jpg","featured_image_src_square":"https:\/\/radiocomercial.cv\/wp-content\/uploads\/2024\/06\/visto-schengen.jpg","author_info":{"display_name":"Radio Comercial","author_link":"https:\/\/radiocomercial.cv\/?author=2"},"rbea_author_info":{"display_name":"Radio Comercial","author_link":"https:\/\/radiocomercial.cv\/?author=2"},"rbea_excerpt_info":"A Comiss\u00e3o Europeia anunciou hoje que um aumento significativo nos pre\u00e7os dos vistos Schengen. A partir de hoje, os emolumentos para a obten\u00e7\u00e3o destes vistos sofrer\u00e3o um acr\u00e9scimo de 12%. Com esta actualiza\u00e7\u00e3o, a taxa base para um visto Schengen para adultos sobe dos actuais 80 para 90 euros, enquanto para crian\u00e7as o valor aumentar\u00e1<br><a class=\"moretag\" href=\"https:\/\/radiocomercial.cv\/?p=1267\">+ Read More<\/a>","category_list":"<a href=\"https:\/\/radiocomercial.cv\/?cat=6\" rel=\"category\">Noticias<\/a>","comments_num":"0 comments","_links":{"self":[{"href":"https:\/\/radiocomercial.cv\/index.php?rest_route=\/wp\/v2\/posts\/1267","targetHints":{"allow":["GET"]}}],"collection":[{"href":"https:\/\/radiocomercial.cv\/index.php?rest_route=\/wp\/v2\/posts"}],"about":[{"href":"https:\/\/radiocomercial.cv\/index.php?rest_route=\/wp\/v2\/types\/post"}],"author":[{"embeddable":true,"href":"https:\/\/radiocomercial.cv\/index.php?rest_route=\/wp\/v2\/users\/2"}],"replies":[{"embeddable":true,"href":"https:\/\/radiocomercial.cv\/index.php?rest_route=%2Fwp%2Fv2%2Fcomments&post=1267"}],"version-history":[{"count":1,"href":"https:\/\/radiocomercial.cv\/index.php?rest_route=\/wp\/v2\/posts\/1267\/revisions"}],"predecessor-version":[{"id":1269,"href":"https:\/\/radiocomercial.cv\/index.php?rest_route=\/wp\/v2\/posts\/1267\/revisions\/1269"}],"wp:featuredmedia":[{"embeddable":true,"href":"https:\/\/radiocomercial.cv\/index.php?rest_route=\/wp\/v2\/media\/1268"}],"wp:attachment":[{"href":"https:\/\/radiocomercial.cv\/index.php?rest_route=%2Fwp%2Fv2%2Fmedia&parent=1267"}],"wp:term":[{"taxonomy":"category","embeddable":true,"href":"https:\/\/radiocomercial.cv\/index.php?rest_route=%2Fwp%2Fv2%2Fcategories&post=1267"},{"taxonomy":"post_tag","embeddable":true,"href":"https:\/\/radiocomercial.cv\/index.php?rest_route=%2Fwp%2Fv2%2Ftags&post=1267"}],"curies":[{"name":"wp","href":"https:\/\/api.w.org\/{rel}","templated":true}]}}