{"id":1270,"date":"2024-06-13T12:20:14","date_gmt":"2024-06-13T12:20:14","guid":{"rendered":"https:\/\/radiocomercial.cv\/?p=1270"},"modified":"2024-06-13T12:20:15","modified_gmt":"2024-06-13T12:20:15","slug":"miss-cabo-verde-international-2024-eleita-em-agosto-na-praia","status":"publish","type":"post","link":"https:\/\/radiocomercial.cv\/?p=1270","title":{"rendered":"Miss Cabo Verde International 2024 eleita em Agosto na Praia"},"content":{"rendered":"\n<p>\u200bA gala de Miss Cabo Verde International 2024 vai acontecer no m\u00eas de Agosto, na cidade da Praia, anunciou hoje a promotora do evento, apontando que as Top 25 da grande final ser\u00e3o conhecidas na pr\u00f3xima segunda-feira, 17 de Junho.<\/p>\n\n\n\n<p>Nereida Lobo, que falava em declara\u00e7\u00f5es \u00e0 Inforpress, indicou ainda que a data definitiva ser\u00e1 anunciada tamb\u00e9m na pr\u00f3xima segunda-feira, 17.&nbsp;<\/p>\n\n\n\n<p>As Top 40 seleccionadas foram apresentadas hoje e v\u00e3o avan\u00e7ar para a pr\u00f3xima fase do Miss Cabo Verde International 2024.<\/p>\n\n\n\n<p>Na pr\u00f3xima fase, estas 40 candidatas ser\u00e3o avaliadas pelos jurados da organiza\u00e7\u00e3o atrav\u00e9s dos seus Objectivos de Desenvolvimento Sustent\u00e1vel (ODS).<\/p>\n\n\n\n<p>J\u00e1 na pr\u00f3xima segunda-feira, 17, ser\u00e3o conhecidas as Top 25 que v\u00e3o passar pela passarela da segunda edi\u00e7\u00e3o do Miss Cabo Verde International.<\/p>\n\n\n\n<p>A vencedora ter\u00e1 a oportunidade de representar Cabo Verde na 62\u00aa Edi\u00e7\u00e3o do Miss International, uma plataforma internacional para destacar a sua beleza e talento.<\/p>\n\n\n\n<p>O Miss Cabo Verde International \u00e9 uma plataforma de empoderamento feminino, que celebra a diversidade e riqueza cultural de Cabo Verde, promovendo o desenvolvimento pessoal e lideran\u00e7a das suas participantes.<\/p>\n\n\n\n<p>O evento visa capacitar as mulheres a serem embaixadoras de mudan\u00e7a, tanto a n\u00edvel nacional como internacional.<\/p>\n\n\n\n<p>A primeira edi\u00e7\u00e3o foi realizada no in\u00edcio de Setembro de 2022, na cidade da Praia, tendo como vencedora a modelo Stephany Amado que representou Cabo Verde no Miss Internacional que teve lugar em Dezembro do mesmo ano no Jap\u00e3o.<\/p>\n\n\n\n<p>Fonte: Inforpress<\/p>\n","protected":false},"excerpt":{"rendered":"<p>\u200bA gala de Miss Cabo Verde International 2024 vai acontecer no m\u00eas de Agosto, na cidade da Praia, anunciou hoje a promotora do evento, apontando que as Top 25 da grande final ser\u00e3o conhecidas na pr\u00f3xima segunda-feira, 17 de Junho. Nereida Lobo, que falava em declara\u00e7\u00f5es \u00e0 Inforpress, indicou ainda que a data definitiva ser\u00e1<br \/><a class=\"moretag\" href=\"https:\/\/radiocomercial.cv\/?p=1270\">+ Read More<\/a><\/p>\n","protected":false},"author":2,"featured_media":1271,"comment_status":"open","ping_status":"open","sticky":false,"template":"","format":"standard","meta":{"footnotes":""},"categories":[6],"tags":[],"class_list":["post-1270","post","type-post","status-publish","format-standard","has-post-thumbnail","hentry","category-noticias"],"featured_image_src":"https:\/\/radiocomercial.cv\/wp-content\/uploads\/2024\/06\/Miss-Internacional-Cabo-Verde.jpg","featured_image_src_square":"https:\/\/radiocomercial.cv\/wp-content\/uploads\/2024\/06\/Miss-Internacional-Cabo-Verde.jpg","author_info":{"display_name":"Radio Comercial","author_link":"https:\/\/radiocomercial.cv\/?author=2"},"rbea_author_info":{"display_name":"Radio Comercial","author_link":"https:\/\/radiocomercial.cv\/?author=2"},"rbea_excerpt_info":"\u200bA gala de Miss Cabo Verde International 2024 vai acontecer no m\u00eas de Agosto, na cidade da Praia, anunciou hoje a promotora do evento, apontando que as Top 25 da grande final ser\u00e3o conhecidas na pr\u00f3xima segunda-feira, 17 de Junho. Nereida Lobo, que falava em declara\u00e7\u00f5es \u00e0 Inforpress, indicou ainda que a data definitiva ser\u00e1<br><a class=\"moretag\" href=\"https:\/\/radiocomercial.cv\/?p=1270\">+ Read More<\/a>","category_list":"<a href=\"https:\/\/radiocomercial.cv\/?cat=6\" rel=\"category\">Noticias<\/a>","comments_num":"0 comments","_links":{"self":[{"href":"https:\/\/radiocomercial.cv\/index.php?rest_route=\/wp\/v2\/posts\/1270","targetHints":{"allow":["GET"]}}],"collection":[{"href":"https:\/\/radiocomercial.cv\/index.php?rest_route=\/wp\/v2\/posts"}],"about":[{"href":"https:\/\/radiocomercial.cv\/index.php?rest_route=\/wp\/v2\/types\/post"}],"author":[{"embeddable":true,"href":"https:\/\/radiocomercial.cv\/index.php?rest_route=\/wp\/v2\/users\/2"}],"replies":[{"embeddable":true,"href":"https:\/\/radiocomercial.cv\/index.php?rest_route=%2Fwp%2Fv2%2Fcomments&post=1270"}],"version-history":[{"count":1,"href":"https:\/\/radiocomercial.cv\/index.php?rest_route=\/wp\/v2\/posts\/1270\/revisions"}],"predecessor-version":[{"id":1272,"href":"https:\/\/radiocomercial.cv\/index.php?rest_route=\/wp\/v2\/posts\/1270\/revisions\/1272"}],"wp:featuredmedia":[{"embeddable":true,"href":"https:\/\/radiocomercial.cv\/index.php?rest_route=\/wp\/v2\/media\/1271"}],"wp:attachment":[{"href":"https:\/\/radiocomercial.cv\/index.php?rest_route=%2Fwp%2Fv2%2Fmedia&parent=1270"}],"wp:term":[{"taxonomy":"category","embeddable":true,"href":"https:\/\/radiocomercial.cv\/index.php?rest_route=%2Fwp%2Fv2%2Fcategories&post=1270"},{"taxonomy":"post_tag","embeddable":true,"href":"https:\/\/radiocomercial.cv\/index.php?rest_route=%2Fwp%2Fv2%2Ftags&post=1270"}],"curies":[{"name":"wp","href":"https:\/\/api.w.org\/{rel}","templated":true}]}}