{"id":1279,"date":"2024-06-24T12:03:41","date_gmt":"2024-06-24T12:03:41","guid":{"rendered":"https:\/\/radiocomercial.cv\/?p=1279"},"modified":"2024-06-24T12:03:42","modified_gmt":"2024-06-24T12:03:42","slug":"papa-defende-uma-europa-dos-povos-com-identidades-e-aberta-ao-dialogo","status":"publish","type":"post","link":"https:\/\/radiocomercial.cv\/?p=1279","title":{"rendered":"Papa defende uma &#8220;Europa dos povos&#8221; com identidades e aberta ao di\u00e1logo"},"content":{"rendered":"\n<p>O Papa Francisco defendeu hoje uma &#8220;Europa dos povos&#8221;, em que as identidades n\u00e3o se percam no meio da globaliza\u00e7\u00e3o e que sejam abertas ao di\u00e1logo, numa mensagem numa confer\u00eancia no Dia de S\u00e3o Columbano.<\/p>\n\n\n\n<p>Francisco&nbsp;encorajou a continua\u00e7\u00e3o da promo\u00e7\u00e3o do conhecimento deste santo mission\u00e1rio irland\u00eas do s\u00e9culo VI, tanto &#8220;na esfera eclesi\u00e1stica como civil&#8221;, numa mensagem para o 25\u00ba Encontro Internacional das Comunidades Colombianas na cidade italiana de Plac\u00eancia, no norte do pa\u00eds.<\/p>\n\n\n\n<p>&#8220;Isto \u00e0 primeira vista pode parecer irrealista, pois h\u00e1 muitas diferen\u00e7as entre a Europa de hoje e a dos s\u00e9culos VI e VII, e igualmente distante do nosso modelo de vida est\u00e1 aquele proposto pelo santo abade e pelos seus seguidores&#8221;, explicou o pont\u00edfice.<\/p>\n\n\n\n<p>No entanto, o Papa argumentou que \u00e9 precisamente essa diversidade que torna a mensagem do santo &#8220;particularmente interessante e at\u00e9 atraente&#8221; para os dias de hoje, em que a sociedade vive &#8220;imersa no materialismo pr\u00e1tico e, muitas vezes, numa esp\u00e9cie de neopaganismo&#8221;.<\/p>\n\n\n\n<p>&#8220;Os monges irlandeses daquela \u00e9poca tornaram-se peregrinos e mission\u00e1rios no continente para reevangelizar vastos territ\u00f3rios onde o primeiro florescimento crist\u00e3o corria o risco de se perder&#8221;, lembrou.<\/p>\n\n\n\n<p>Desta forma, ao cultivar &#8220;o esp\u00edrito, a mentalidade e os costumes&#8221; do povo daquela \u00e9poca, os cl\u00e9rigos de S\u00e3o Columbano &#8220;contribu\u00edram decisivamente para preservar e renovar a civiliza\u00e7\u00e3o europeia&#8221;, afirmou Francisco.<\/p>\n\n\n\n<p>&#8220;Actualmente tamb\u00e9m necessitamos daquela &#8216;linfa&#8217; evang\u00e9lica, para que as comunidades eclesi\u00e1sticas e civis do continente n\u00e3o percam a sua identidade e n\u00e3o se desintegrem numa globaliza\u00e7\u00e3o hom\u00f3loga \u00e0 merc\u00ea dos poderes dominantes, mas antes possam expressar a sua f\u00e9 e a sua cultura com fidelidade criativa \u00e0s suas tradi\u00e7\u00f5es, contribuindo para a constru\u00e7\u00e3o de uma Europa dos povos, unidos na conviv\u00eancia das diferen\u00e7as e abertos ao encontro e ao di\u00e1logo com outras civiliza\u00e7\u00f5es do mundo&#8221;, defendeu.<\/p>\n\n\n\n<p>Fonte: Expresso das ilhas <\/p>\n","protected":false},"excerpt":{"rendered":"<p>O Papa Francisco defendeu hoje uma &#8220;Europa dos povos&#8221;, em que as identidades n\u00e3o se percam no meio da globaliza\u00e7\u00e3o e que sejam abertas ao di\u00e1logo, numa mensagem numa confer\u00eancia no Dia de S\u00e3o Columbano. Francisco&nbsp;encorajou a continua\u00e7\u00e3o da promo\u00e7\u00e3o do conhecimento deste santo mission\u00e1rio irland\u00eas do s\u00e9culo VI, tanto &#8220;na esfera eclesi\u00e1stica como civil&#8221;,<br \/><a class=\"moretag\" href=\"https:\/\/radiocomercial.cv\/?p=1279\">+ Read More<\/a><\/p>\n","protected":false},"author":2,"featured_media":1280,"comment_status":"open","ping_status":"open","sticky":false,"template":"","format":"standard","meta":{"footnotes":""},"categories":[6],"tags":[],"class_list":["post-1279","post","type-post","status-publish","format-standard","has-post-thumbnail","hentry","category-noticias"],"featured_image_src":"https:\/\/radiocomercial.cv\/wp-content\/uploads\/2024\/06\/Papa-Francisco.jpg","featured_image_src_square":"https:\/\/radiocomercial.cv\/wp-content\/uploads\/2024\/06\/Papa-Francisco.jpg","author_info":{"display_name":"Radio Comercial","author_link":"https:\/\/radiocomercial.cv\/?author=2"},"rbea_author_info":{"display_name":"Radio Comercial","author_link":"https:\/\/radiocomercial.cv\/?author=2"},"rbea_excerpt_info":"O Papa Francisco defendeu hoje uma &#8220;Europa dos povos&#8221;, em que as identidades n\u00e3o se percam no meio da globaliza\u00e7\u00e3o e que sejam abertas ao di\u00e1logo, numa mensagem numa confer\u00eancia no Dia de S\u00e3o Columbano. Francisco&nbsp;encorajou a continua\u00e7\u00e3o da promo\u00e7\u00e3o do conhecimento deste santo mission\u00e1rio irland\u00eas do s\u00e9culo VI, tanto &#8220;na esfera eclesi\u00e1stica como civil&#8221;,<br><a class=\"moretag\" href=\"https:\/\/radiocomercial.cv\/?p=1279\">+ Read More<\/a>","category_list":"<a href=\"https:\/\/radiocomercial.cv\/?cat=6\" rel=\"category\">Noticias<\/a>","comments_num":"0 comments","_links":{"self":[{"href":"https:\/\/radiocomercial.cv\/index.php?rest_route=\/wp\/v2\/posts\/1279","targetHints":{"allow":["GET"]}}],"collection":[{"href":"https:\/\/radiocomercial.cv\/index.php?rest_route=\/wp\/v2\/posts"}],"about":[{"href":"https:\/\/radiocomercial.cv\/index.php?rest_route=\/wp\/v2\/types\/post"}],"author":[{"embeddable":true,"href":"https:\/\/radiocomercial.cv\/index.php?rest_route=\/wp\/v2\/users\/2"}],"replies":[{"embeddable":true,"href":"https:\/\/radiocomercial.cv\/index.php?rest_route=%2Fwp%2Fv2%2Fcomments&post=1279"}],"version-history":[{"count":1,"href":"https:\/\/radiocomercial.cv\/index.php?rest_route=\/wp\/v2\/posts\/1279\/revisions"}],"predecessor-version":[{"id":1281,"href":"https:\/\/radiocomercial.cv\/index.php?rest_route=\/wp\/v2\/posts\/1279\/revisions\/1281"}],"wp:featuredmedia":[{"embeddable":true,"href":"https:\/\/radiocomercial.cv\/index.php?rest_route=\/wp\/v2\/media\/1280"}],"wp:attachment":[{"href":"https:\/\/radiocomercial.cv\/index.php?rest_route=%2Fwp%2Fv2%2Fmedia&parent=1279"}],"wp:term":[{"taxonomy":"category","embeddable":true,"href":"https:\/\/radiocomercial.cv\/index.php?rest_route=%2Fwp%2Fv2%2Fcategories&post=1279"},{"taxonomy":"post_tag","embeddable":true,"href":"https:\/\/radiocomercial.cv\/index.php?rest_route=%2Fwp%2Fv2%2Ftags&post=1279"}],"curies":[{"name":"wp","href":"https:\/\/api.w.org\/{rel}","templated":true}]}}