{"id":1288,"date":"2024-07-02T11:24:57","date_gmt":"2024-07-02T11:24:57","guid":{"rendered":"https:\/\/radiocomercial.cv\/?p=1288"},"modified":"2024-07-02T11:24:57","modified_gmt":"2024-07-02T11:24:57","slug":"governo-lanca-programa-de-102-mil-contos-para-tornar-santa-cruz-maior-produtor-da-banana-do-pais","status":"publish","type":"post","link":"https:\/\/radiocomercial.cv\/?p=1288","title":{"rendered":"Governo lan\u00e7a programa de 102 mil contos para tornar Santa Cruz maior produtor da banana do Pa\u00eds"},"content":{"rendered":"\n<p>O ministro da Agricultura e Ambiente lan\u00e7ou esta segunda-feira, 01 de Julho, em Santa Cruz, o programa de subven\u00e7\u00e3o para regenera\u00e7\u00e3o da cultura de bananeira, or\u00e7ado em 102 mil contos, que prev\u00ea tornar este munic\u00edpio santiaguense o maior produtor de banana do Pa\u00eds.<\/p>\n\n\n\n<p>\u201cSanta Cruz foi e continua a ser dos principais concelhos de produ\u00e7\u00e3o da banana, mas temos que reconhecer que h\u00e1 uma baixa de produ\u00e7\u00e3o na zona do litoral onde h\u00e1 tradi\u00e7\u00e3o do cultivo da banana, justamente por causa da salinidade de \u00e1gua\u201d, afirmou Gilberto Silva.<\/p>\n\n\n\n<p>O governante falava aos jornalistas ap\u00f3s a apresenta\u00e7\u00e3o do Programa Regenera\u00e7\u00e3o da Cultura de Banana para Ilha de Santiago, que decorreu na Delega\u00e7\u00e3o do Minist\u00e9rio da Agricultura e Ambiente em Jaracunda, Santa Cruz, financiado pelo Banco Africano de Desenvolvimento (BAD), no valor de 102 mil contos e ir\u00e1 abranger mais tr\u00eas munic\u00edpios da ilha de Santiago, nomeadamente Tarrafal, S\u00e3o Miguel e Ribeira Grande.<\/p>\n\n\n\n<p>\u201cA bananeira \u00e9 uma cultura que tem efectivamente baixa toler\u00e2ncia \u00e0 salinidade, o que significa que pode sobreviver, mas n\u00e3o vai produzir em quantidade que desejamos e gostar\u00edamos de ter. Por isso a necessidade de fazer alguma coisa\u201d, refor\u00e7ou Gilberto Silva, que acredita que este programa vai fazer com que Santa Cruz recupere o t\u00edtulo de maior produtor e exportador da banana da ilha de Santiago e do Pa\u00eds.<\/p>\n\n\n\n<p>O Governo, conforme explicou, pretende com este programa, com dura\u00e7\u00e3o de dois anos, dessalinizar dois pontos de \u00e1gua, melhorar a cultura da banana com novas plantas e melhores tratos culturais, visando aumentar o rendimento dos agricultores, assim como o abastecimento de banana no mercado..<\/p>\n\n\n\n<p>\u201cIsto vai obrigar a um conjunto de actividades, desde a assist\u00eancia t\u00e9cnica, importa\u00e7\u00e3o e a coloca\u00e7\u00e3o \u00e0 disposi\u00e7\u00e3o dos agricultores de muda de bananeiras saud\u00e1veis \u2013 que j\u00e1 foi feito e vai continuar a ser feito \u2013 importa\u00e7\u00e3o de pequenas dessalinizadoras para serem colocadas nesses pontos de \u00e1gua, para que possamos restaurar esta \u00e1gua e coloca-la na irriga\u00e7\u00e3o\u201d, assegurou.<\/p>\n\n\n\n<p>E ainda a fertiliza\u00e7\u00e3o da bananeira, que notou, vai obrigar ao uso adequado de adubos, at\u00e9 conseguiram uma cultura bastante produtiva, para que possam sustentar toda esta op\u00e7\u00e3o de manter a cultura da bananeira nestas zonas afectadas pela escassez de \u00e1gua e\/ou \u00e1gua de baixa qualidade (salobra) na ilha de Santiago.<\/p>\n\n\n\n<p>Na ocasi\u00e3o, admitiu que para que possam levar avante esta \u201cgrande opera\u00e7\u00e3o\u201d baseada na t\u00e9cnica, nas tecnologias, na ci\u00eancia, no trabalho dos produtores e no investimento do Estado tem que haver conjuga\u00e7\u00e3o de esfor\u00e7os e cumplicidade entre as institui\u00e7\u00f5es do Estado e dos pr\u00f3prios produtores.<\/p>\n\n\n\n<p>J\u00e1 para o agricultor e presidente da Cooperativa dos Agricultores de Ribeira dos Picos (Cooparp), Benjamim Mendes, este programa veio em \u201cboa hora\u201d, e que vai ajudar o munic\u00edpio que \u00e9 \u201cterra da banana\u201d e outrora considerado o maior celeiro agr\u00edcola de Santiago a recuperar este titulo.<\/p>\n\n\n\n<p>Nesse sentido, disse acreditar que se os investimentos anunciados, sobretudo na mobiliza\u00e7\u00e3o de \u00e1gua, forem materializados, como instala\u00e7\u00e3o de dessalinizadora, os agricultores santa-cruzenses v\u00e3o conseguir produzir mais banana e com qualidade.<\/p>\n\n\n\n<p><strong>Fonte: Inforpress<\/strong><\/p>\n","protected":false},"excerpt":{"rendered":"<p>O ministro da Agricultura e Ambiente lan\u00e7ou esta segunda-feira, 01 de Julho, em Santa Cruz, o programa de subven\u00e7\u00e3o para regenera\u00e7\u00e3o da cultura de bananeira, or\u00e7ado em 102 mil contos, que prev\u00ea tornar este munic\u00edpio santiaguense o maior produtor de banana do Pa\u00eds. \u201cSanta Cruz foi e continua a ser dos principais concelhos de produ\u00e7\u00e3o<br \/><a class=\"moretag\" href=\"https:\/\/radiocomercial.cv\/?p=1288\">+ Read More<\/a><\/p>\n","protected":false},"author":2,"featured_media":1289,"comment_status":"open","ping_status":"open","sticky":false,"template":"","format":"standard","meta":{"footnotes":""},"categories":[6],"tags":[],"class_list":["post-1288","post","type-post","status-publish","format-standard","has-post-thumbnail","hentry","category-noticias"],"featured_image_src":"https:\/\/radiocomercial.cv\/wp-content\/uploads\/2024\/07\/Santa-Cruz-maior-produtor-da-banana-CV.jpg","featured_image_src_square":"https:\/\/radiocomercial.cv\/wp-content\/uploads\/2024\/07\/Santa-Cruz-maior-produtor-da-banana-CV.jpg","author_info":{"display_name":"Radio Comercial","author_link":"https:\/\/radiocomercial.cv\/?author=2"},"rbea_author_info":{"display_name":"Radio Comercial","author_link":"https:\/\/radiocomercial.cv\/?author=2"},"rbea_excerpt_info":"O ministro da Agricultura e Ambiente lan\u00e7ou esta segunda-feira, 01 de Julho, em Santa Cruz, o programa de subven\u00e7\u00e3o para regenera\u00e7\u00e3o da cultura de bananeira, or\u00e7ado em 102 mil contos, que prev\u00ea tornar este munic\u00edpio santiaguense o maior produtor de banana do Pa\u00eds. \u201cSanta Cruz foi e continua a ser dos principais concelhos de produ\u00e7\u00e3o<br><a class=\"moretag\" href=\"https:\/\/radiocomercial.cv\/?p=1288\">+ Read More<\/a>","category_list":"<a href=\"https:\/\/radiocomercial.cv\/?cat=6\" rel=\"category\">Noticias<\/a>","comments_num":"0 comments","_links":{"self":[{"href":"https:\/\/radiocomercial.cv\/index.php?rest_route=\/wp\/v2\/posts\/1288","targetHints":{"allow":["GET"]}}],"collection":[{"href":"https:\/\/radiocomercial.cv\/index.php?rest_route=\/wp\/v2\/posts"}],"about":[{"href":"https:\/\/radiocomercial.cv\/index.php?rest_route=\/wp\/v2\/types\/post"}],"author":[{"embeddable":true,"href":"https:\/\/radiocomercial.cv\/index.php?rest_route=\/wp\/v2\/users\/2"}],"replies":[{"embeddable":true,"href":"https:\/\/radiocomercial.cv\/index.php?rest_route=%2Fwp%2Fv2%2Fcomments&post=1288"}],"version-history":[{"count":1,"href":"https:\/\/radiocomercial.cv\/index.php?rest_route=\/wp\/v2\/posts\/1288\/revisions"}],"predecessor-version":[{"id":1290,"href":"https:\/\/radiocomercial.cv\/index.php?rest_route=\/wp\/v2\/posts\/1288\/revisions\/1290"}],"wp:featuredmedia":[{"embeddable":true,"href":"https:\/\/radiocomercial.cv\/index.php?rest_route=\/wp\/v2\/media\/1289"}],"wp:attachment":[{"href":"https:\/\/radiocomercial.cv\/index.php?rest_route=%2Fwp%2Fv2%2Fmedia&parent=1288"}],"wp:term":[{"taxonomy":"category","embeddable":true,"href":"https:\/\/radiocomercial.cv\/index.php?rest_route=%2Fwp%2Fv2%2Fcategories&post=1288"},{"taxonomy":"post_tag","embeddable":true,"href":"https:\/\/radiocomercial.cv\/index.php?rest_route=%2Fwp%2Fv2%2Ftags&post=1288"}],"curies":[{"name":"wp","href":"https:\/\/api.w.org\/{rel}","templated":true}]}}