{"id":1291,"date":"2024-07-02T16:31:44","date_gmt":"2024-07-02T16:31:44","guid":{"rendered":"https:\/\/radiocomercial.cv\/?p=1291"},"modified":"2024-07-02T16:31:45","modified_gmt":"2024-07-02T16:31:45","slug":"chuvas-com-inicio-em-meados-de-julho-e-termino-em-meados-de-outubro-inmg","status":"publish","type":"post","link":"https:\/\/radiocomercial.cv\/?p=1291","title":{"rendered":"Chuvas com in\u00edcio em meados de Julho e t\u00e9rmino em meados de Outubro &#8211; INMG"},"content":{"rendered":"\n<p>A previs\u00e3o pluviom\u00e9trica sazonal para 2024 indica uma probabilidade de uma esta\u00e7\u00e3o de chuvas precoce, com chuvas previstas para meados de Julho e t\u00e9rmino tardio, previsto para meados de Outubro. A previs\u00e3o foi apresentada pela administradora executiva do Instituto Nacional de Meteorologia e Geof\u00edsica (INMG), Denise de Pina.<\/p>\n\n\n\n<p>A previs\u00e3o foi elaborada pelos t\u00e9cnicos do INMG e decorrem da an\u00e1lise dos resultados da previs\u00e3o sazonal consensual e validados entre v\u00e1rios t\u00e9cnicos de diferentes pa\u00edses da regi\u00e3o \u00c1frica Sudano-Saheliana no Forum PRESASS 2024, realizado em Nig\u00e9ria.<\/p>\n\n\n\n<p>\u201cPara o per\u00edodo Junho-Julho-Agosto, prev\u00ea-se uma maior probabilidade de ocorr\u00eancia de chuvas dentro da normal climatol\u00f3gica, com maior incid\u00eancia nas ilhas de Sotavento (o valor da normal climatol\u00f3gica \u00e9 cerca de 106,7 mm que corresponde a 106,7 L por m\u00b2 de terreno); e para o trimestre Julho-Agosto-Setembro as probabilidades apontam para chuvas normais com tend\u00eancia para acima da normal climatol\u00f3gica (valor da normal est\u00e1 a volta dos 244,0 mm que corresponde a 244,0 L por m\u00b2 de terreno)\u201d, disse Denise de Pina.<\/p>\n\n\n\n<p>Al\u00e9m disso, h\u00e1 uma expectativa de que os dias secos ser\u00e3o mais curtos do que o habitual no in\u00edcio da esta\u00e7\u00e3o.<\/p>\n\n\n\n<p>&#8220;Em rela\u00e7\u00e3o \u00e0 previs\u00e3o em termos de sequ\u00eancias de dias secos, h\u00e1 uma forte probabilidade de serem mais curtas do que o habitual no in\u00edcio da esta\u00e7\u00e3o,&#8221; explicou.<\/p>\n\n\n\n<p>Isso significa que, ap\u00f3s o estabelecimento da esta\u00e7\u00e3o com chuvas superiores a 20 mm em 1-3 dias consecutivos, os dias sem chuva ser\u00e3o menores em n\u00famero do que o habitual.<\/p>\n\n\n\n<p>O INMG prev\u00ea uma \u201cforte probabilidade\u201d de eventos extremos na regi\u00e3o atl\u00e2ntica de Cabo Verde, como tempestades tropicais, chuvas intensas, ventos fortes e agita\u00e7\u00e3o mar\u00edtima, que podem afectar o arquip\u00e9lago com diferentes magnitudes.<\/p>\n\n\n\n<p>Nesse sentido, a administradora executiva reafirmou o compromisso do INMG de fornecer informa\u00e7\u00f5es cont\u00ednuas, consideradas cruciais para a tomada de decis\u00f5es em v\u00e1rios sectores econ\u00f3micos, como \u00e1gua, agricultura, pecu\u00e1ria, sa\u00fade e transportes.<\/p>\n\n\n\n<p>As actualiza\u00e7\u00f5es ser\u00e3o disponibilizadas mensalmente at\u00e9 o fim da esta\u00e7\u00e3o das chuvas.<\/p>\n\n\n\n<p><strong>Fonte: Expresso das ilhas <\/strong><\/p>\n","protected":false},"excerpt":{"rendered":"<p>A previs\u00e3o pluviom\u00e9trica sazonal para 2024 indica uma probabilidade de uma esta\u00e7\u00e3o de chuvas precoce, com chuvas previstas para meados de Julho e t\u00e9rmino tardio, previsto para meados de Outubro. A previs\u00e3o foi apresentada pela administradora executiva do Instituto Nacional de Meteorologia e Geof\u00edsica (INMG), Denise de Pina. A previs\u00e3o foi elaborada pelos t\u00e9cnicos do<br \/><a class=\"moretag\" href=\"https:\/\/radiocomercial.cv\/?p=1291\">+ Read More<\/a><\/p>\n","protected":false},"author":2,"featured_media":1292,"comment_status":"open","ping_status":"open","sticky":false,"template":"","format":"standard","meta":{"footnotes":""},"categories":[6],"tags":[],"class_list":["post-1291","post","type-post","status-publish","format-standard","has-post-thumbnail","hentry","category-noticias"],"featured_image_src":"https:\/\/radiocomercial.cv\/wp-content\/uploads\/2024\/07\/Chuvas-em-CV.jpg","featured_image_src_square":"https:\/\/radiocomercial.cv\/wp-content\/uploads\/2024\/07\/Chuvas-em-CV.jpg","author_info":{"display_name":"Radio Comercial","author_link":"https:\/\/radiocomercial.cv\/?author=2"},"rbea_author_info":{"display_name":"Radio Comercial","author_link":"https:\/\/radiocomercial.cv\/?author=2"},"rbea_excerpt_info":"A previs\u00e3o pluviom\u00e9trica sazonal para 2024 indica uma probabilidade de uma esta\u00e7\u00e3o de chuvas precoce, com chuvas previstas para meados de Julho e t\u00e9rmino tardio, previsto para meados de Outubro. A previs\u00e3o foi apresentada pela administradora executiva do Instituto Nacional de Meteorologia e Geof\u00edsica (INMG), Denise de Pina. A previs\u00e3o foi elaborada pelos t\u00e9cnicos do<br><a class=\"moretag\" href=\"https:\/\/radiocomercial.cv\/?p=1291\">+ Read More<\/a>","category_list":"<a href=\"https:\/\/radiocomercial.cv\/?cat=6\" rel=\"category\">Noticias<\/a>","comments_num":"0 comments","_links":{"self":[{"href":"https:\/\/radiocomercial.cv\/index.php?rest_route=\/wp\/v2\/posts\/1291","targetHints":{"allow":["GET"]}}],"collection":[{"href":"https:\/\/radiocomercial.cv\/index.php?rest_route=\/wp\/v2\/posts"}],"about":[{"href":"https:\/\/radiocomercial.cv\/index.php?rest_route=\/wp\/v2\/types\/post"}],"author":[{"embeddable":true,"href":"https:\/\/radiocomercial.cv\/index.php?rest_route=\/wp\/v2\/users\/2"}],"replies":[{"embeddable":true,"href":"https:\/\/radiocomercial.cv\/index.php?rest_route=%2Fwp%2Fv2%2Fcomments&post=1291"}],"version-history":[{"count":1,"href":"https:\/\/radiocomercial.cv\/index.php?rest_route=\/wp\/v2\/posts\/1291\/revisions"}],"predecessor-version":[{"id":1293,"href":"https:\/\/radiocomercial.cv\/index.php?rest_route=\/wp\/v2\/posts\/1291\/revisions\/1293"}],"wp:featuredmedia":[{"embeddable":true,"href":"https:\/\/radiocomercial.cv\/index.php?rest_route=\/wp\/v2\/media\/1292"}],"wp:attachment":[{"href":"https:\/\/radiocomercial.cv\/index.php?rest_route=%2Fwp%2Fv2%2Fmedia&parent=1291"}],"wp:term":[{"taxonomy":"category","embeddable":true,"href":"https:\/\/radiocomercial.cv\/index.php?rest_route=%2Fwp%2Fv2%2Fcategories&post=1291"},{"taxonomy":"post_tag","embeddable":true,"href":"https:\/\/radiocomercial.cv\/index.php?rest_route=%2Fwp%2Fv2%2Ftags&post=1291"}],"curies":[{"name":"wp","href":"https:\/\/api.w.org\/{rel}","templated":true}]}}