{"id":1294,"date":"2024-07-02T16:44:59","date_gmt":"2024-07-02T16:44:59","guid":{"rendered":"https:\/\/radiocomercial.cv\/?p=1294"},"modified":"2024-07-02T16:45:00","modified_gmt":"2024-07-02T16:45:00","slug":"morreu-saxofonista-totinho","status":"publish","type":"post","link":"https:\/\/radiocomercial.cv\/?p=1294","title":{"rendered":"Morreu Saxofonista Totinho"},"content":{"rendered":"\n<p>Saxofonista, nascido na cidade da Praia em 1964, fez carreira ao acompanhar Ces\u00e1ria \u00c9vora.<\/p>\n\n\n\n<p>\u201cO \u00faltimo sopro de Totinho. Acaba de partir para a eternidade. Descansa em paz, caro amigo. At\u00e9 sempre!\u201d, refere o Presidente da Rep\u00fablica ao comentar a morte do m\u00fasico.<\/p>\n\n\n\n<p>&#8220;Parte uma lenda! Descansa em paz Totinho! Tua vida e teu percurso faz de ti uma lenda da nossa m\u00fasica e da nossa Cultura! A Cultura de Cabo Verde Fica mais pobre! Condol\u00eancias a toda a familia e amigos&#8221;, refere, por sua vez, o ministro da Cultura e Ind\u00fastrias Criativas, Abra\u00e3o Vicente.<\/p>\n\n\n\n<p>Jos\u00e9 da Silva, produtor de Ces\u00e1ria \u00c9vora, recorda Totinho como \u201cum dos maiores saxofonistas de Cabo Verde\u201d e lembra a liga\u00e7\u00e3o de duas d\u00e9cadas de Totinho a Ces\u00e1ria.<\/p>\n\n\n\n<p>\u201cPessoa de grande valor moral e musical, que a sua alma descanse em paz\u201d, conclui Jos\u00e9 da Silva.<\/p>\n\n\n\n<p>\u00c0 fam\u00edlia de Totinho, a R\u00e1dio Comercial endere\u00e7a as mais sentidas condol\u00eancias.<\/p>\n\n\n\n<figure class=\"wp-block-embed is-type-video is-provider-youtube wp-block-embed-youtube wp-embed-aspect-16-9 wp-has-aspect-ratio\"><div class=\"wp-block-embed__wrapper\">\n<iframe title=\"Totinho - Nha Homenagem - Official Video\" width=\"500\" height=\"281\" src=\"https:\/\/www.youtube.com\/embed\/OIIt4-lzbYQ?start=4&#038;feature=oembed\" frameborder=\"0\" allow=\"accelerometer; autoplay; clipboard-write; encrypted-media; gyroscope; picture-in-picture; web-share\" referrerpolicy=\"strict-origin-when-cross-origin\" allowfullscreen><\/iframe>\n<\/div><figcaption class=\"wp-element-caption\">Totinho &#8211; Nha Homenagem<\/figcaption><\/figure>\n\n\n\n<p><strong>Fonte: Expresso das ilhas<\/strong><\/p>\n","protected":false},"excerpt":{"rendered":"<p>Saxofonista, nascido na cidade da Praia em 1964, fez carreira ao acompanhar Ces\u00e1ria \u00c9vora. \u201cO \u00faltimo sopro de Totinho. Acaba de partir para a eternidade. Descansa em paz, caro amigo. At\u00e9 sempre!\u201d, refere o Presidente da Rep\u00fablica ao comentar a morte do m\u00fasico. &#8220;Parte uma lenda! Descansa em paz Totinho! Tua vida e teu percurso<br \/><a class=\"moretag\" href=\"https:\/\/radiocomercial.cv\/?p=1294\">+ Read More<\/a><\/p>\n","protected":false},"author":2,"featured_media":1295,"comment_status":"open","ping_status":"open","sticky":false,"template":"","format":"standard","meta":{"footnotes":""},"categories":[6],"tags":[],"class_list":["post-1294","post","type-post","status-publish","format-standard","has-post-thumbnail","hentry","category-noticias"],"featured_image_src":"https:\/\/radiocomercial.cv\/wp-content\/uploads\/2024\/07\/Totinho-Saxofonista.jpg","featured_image_src_square":"https:\/\/radiocomercial.cv\/wp-content\/uploads\/2024\/07\/Totinho-Saxofonista.jpg","author_info":{"display_name":"Radio Comercial","author_link":"https:\/\/radiocomercial.cv\/?author=2"},"rbea_author_info":{"display_name":"Radio Comercial","author_link":"https:\/\/radiocomercial.cv\/?author=2"},"rbea_excerpt_info":"Saxofonista, nascido na cidade da Praia em 1964, fez carreira ao acompanhar Ces\u00e1ria \u00c9vora. \u201cO \u00faltimo sopro de Totinho. Acaba de partir para a eternidade. Descansa em paz, caro amigo. At\u00e9 sempre!\u201d, refere o Presidente da Rep\u00fablica ao comentar a morte do m\u00fasico. &#8220;Parte uma lenda! Descansa em paz Totinho! Tua vida e teu percurso<br><a class=\"moretag\" href=\"https:\/\/radiocomercial.cv\/?p=1294\">+ Read More<\/a>","category_list":"<a href=\"https:\/\/radiocomercial.cv\/?cat=6\" rel=\"category\">Noticias<\/a>","comments_num":"0 comments","_links":{"self":[{"href":"https:\/\/radiocomercial.cv\/index.php?rest_route=\/wp\/v2\/posts\/1294","targetHints":{"allow":["GET"]}}],"collection":[{"href":"https:\/\/radiocomercial.cv\/index.php?rest_route=\/wp\/v2\/posts"}],"about":[{"href":"https:\/\/radiocomercial.cv\/index.php?rest_route=\/wp\/v2\/types\/post"}],"author":[{"embeddable":true,"href":"https:\/\/radiocomercial.cv\/index.php?rest_route=\/wp\/v2\/users\/2"}],"replies":[{"embeddable":true,"href":"https:\/\/radiocomercial.cv\/index.php?rest_route=%2Fwp%2Fv2%2Fcomments&post=1294"}],"version-history":[{"count":1,"href":"https:\/\/radiocomercial.cv\/index.php?rest_route=\/wp\/v2\/posts\/1294\/revisions"}],"predecessor-version":[{"id":1296,"href":"https:\/\/radiocomercial.cv\/index.php?rest_route=\/wp\/v2\/posts\/1294\/revisions\/1296"}],"wp:featuredmedia":[{"embeddable":true,"href":"https:\/\/radiocomercial.cv\/index.php?rest_route=\/wp\/v2\/media\/1295"}],"wp:attachment":[{"href":"https:\/\/radiocomercial.cv\/index.php?rest_route=%2Fwp%2Fv2%2Fmedia&parent=1294"}],"wp:term":[{"taxonomy":"category","embeddable":true,"href":"https:\/\/radiocomercial.cv\/index.php?rest_route=%2Fwp%2Fv2%2Fcategories&post=1294"},{"taxonomy":"post_tag","embeddable":true,"href":"https:\/\/radiocomercial.cv\/index.php?rest_route=%2Fwp%2Fv2%2Ftags&post=1294"}],"curies":[{"name":"wp","href":"https:\/\/api.w.org\/{rel}","templated":true}]}}