{"id":1302,"date":"2024-07-06T12:29:36","date_gmt":"2024-07-06T12:29:36","guid":{"rendered":"https:\/\/radiocomercial.cv\/?p=1302"},"modified":"2024-07-06T12:29:37","modified_gmt":"2024-07-06T12:29:37","slug":"edy-tavares-no-real-madrid-com-melhor-contrato-da-historia-do-basquetebol-do-clube","status":"publish","type":"post","link":"https:\/\/radiocomercial.cv\/?p=1302","title":{"rendered":"Edy Tavares no Real Madrid com melhor contrato da hist\u00f3ria do basquetebol do clube"},"content":{"rendered":"\n<p><strong>O basquetebolista internacional cabo-verdiano, Walter Tavares, conhecido por &#8220;Edy&#8221;, renovou contracto por mais cinco \u00e9pocas com o Real Madrid, informaram este s\u00e1bado, 5, os campe\u00f5es espanh\u00f3is na sua p\u00e1gina oficial.<\/strong><\/p>\n\n\n\n<p>&#8220;O Real Madrid e Walter Tavares chegaram a acordo para prolongar o contracto do jogador, que permanece vinculado ao clube pelas pr\u00f3ximas cinco temporadas&#8221;, l\u00ea-se na publica\u00e7\u00e3o.<\/p>\n\n\n\n<p>O jornal \u201cA marca\u201d precisa que receber\u00e1 mais de cinco milh\u00f5es de euros brutos por temporada, &#8220;um sal\u00e1rio condizente com o seu estatuto, j\u00e1 que \u00e9 considerado o melhor pivot da Europa&#8221;.<\/p>\n\n\n\n<p>\u201cN\u00e3o \u00e9 um contracto qualquer. Ningu\u00e9m, desde o contracto de Nikola Mirotic com o Barcelona, assinou por valor e dura\u00e7\u00e3o semelhante ao do cabo-verdiano. \u00c9 o maior contracto assinado na hist\u00f3ria do basquetebol do Real Madrid. Tavares mudou a sua din\u00e2mica desde a sua chegada e o seu novo contracto \u00e9 o estatuto a condizer&#8221;, precisa o jornal electr\u00f3nico espanhol.<\/p>\n\n\n\n<p>O poste, de 32 anos, j\u00e1 cumpriu sete temporadas nos merengues, desde que chegou a Madrid em Novembro de 2017.<\/p>\n\n\n\n<p>Pelo clube conquistou 14 trof\u00e9us, tr\u00eas dos quais na \u00faltima \u00e9poca com o &#8216;triplete&#8217; nacional: Liga, Ta\u00e7a do Rei e Superta\u00e7a.<\/p>\n\n\n\n<p>De real\u00e7ar ainda que dos 14 t\u00edtulos destacam-se duas EuroLeagues (correspondente a Liga dos Campe\u00f5es europeus da modalidade).<\/p>\n\n\n\n<p>A n\u00edvel individual foi considerado por quatro vezes o Melhor Defesa do Ano do Campeonato Espanhol.<\/p>\n\n\n\n<p>Em sete \u00e9pocas, Walter Samuel Tavares da Veiga, &#8220;The Big Edy&#8221; soma 502 jogos pelos merengues.<\/p>\n\n\n\n<p>De real\u00e7ar que Edy Tavares vestiu as cores dos espanh\u00f3is do Gran Can\u00e1ria, antes de jogar nos Estados Unidos, onde passou por Austin Toros Spurs, Atlanta Hawks, Raptors 905 e Cleveland Cavaliers.<\/p>\n\n\n\n<p><strong>Fonte: Inforpress<\/strong><\/p>\n","protected":false},"excerpt":{"rendered":"<p>O basquetebolista internacional cabo-verdiano, Walter Tavares, conhecido por &#8220;Edy&#8221;, renovou contracto por mais cinco \u00e9pocas com o Real Madrid, informaram este s\u00e1bado, 5, os campe\u00f5es espanh\u00f3is na sua p\u00e1gina oficial. &#8220;O Real Madrid e Walter Tavares chegaram a acordo para prolongar o contracto do jogador, que permanece vinculado ao clube pelas pr\u00f3ximas cinco temporadas&#8221;, l\u00ea-se<br \/><a class=\"moretag\" href=\"https:\/\/radiocomercial.cv\/?p=1302\">+ Read More<\/a><\/p>\n","protected":false},"author":2,"featured_media":1303,"comment_status":"open","ping_status":"open","sticky":false,"template":"","format":"standard","meta":{"footnotes":""},"categories":[6],"tags":[],"class_list":["post-1302","post","type-post","status-publish","format-standard","has-post-thumbnail","hentry","category-noticias"],"featured_image_src":"https:\/\/radiocomercial.cv\/wp-content\/uploads\/2024\/07\/Edy-Tavares-renovacao-de-contrato-Real-Madrid.jpg","featured_image_src_square":"https:\/\/radiocomercial.cv\/wp-content\/uploads\/2024\/07\/Edy-Tavares-renovacao-de-contrato-Real-Madrid.jpg","author_info":{"display_name":"Radio Comercial","author_link":"https:\/\/radiocomercial.cv\/?author=2"},"rbea_author_info":{"display_name":"Radio Comercial","author_link":"https:\/\/radiocomercial.cv\/?author=2"},"rbea_excerpt_info":"O basquetebolista internacional cabo-verdiano, Walter Tavares, conhecido por &#8220;Edy&#8221;, renovou contracto por mais cinco \u00e9pocas com o Real Madrid, informaram este s\u00e1bado, 5, os campe\u00f5es espanh\u00f3is na sua p\u00e1gina oficial. &#8220;O Real Madrid e Walter Tavares chegaram a acordo para prolongar o contracto do jogador, que permanece vinculado ao clube pelas pr\u00f3ximas cinco temporadas&#8221;, l\u00ea-se<br><a class=\"moretag\" href=\"https:\/\/radiocomercial.cv\/?p=1302\">+ Read More<\/a>","category_list":"<a href=\"https:\/\/radiocomercial.cv\/?cat=6\" rel=\"category\">Noticias<\/a>","comments_num":"0 comments","_links":{"self":[{"href":"https:\/\/radiocomercial.cv\/index.php?rest_route=\/wp\/v2\/posts\/1302","targetHints":{"allow":["GET"]}}],"collection":[{"href":"https:\/\/radiocomercial.cv\/index.php?rest_route=\/wp\/v2\/posts"}],"about":[{"href":"https:\/\/radiocomercial.cv\/index.php?rest_route=\/wp\/v2\/types\/post"}],"author":[{"embeddable":true,"href":"https:\/\/radiocomercial.cv\/index.php?rest_route=\/wp\/v2\/users\/2"}],"replies":[{"embeddable":true,"href":"https:\/\/radiocomercial.cv\/index.php?rest_route=%2Fwp%2Fv2%2Fcomments&post=1302"}],"version-history":[{"count":1,"href":"https:\/\/radiocomercial.cv\/index.php?rest_route=\/wp\/v2\/posts\/1302\/revisions"}],"predecessor-version":[{"id":1304,"href":"https:\/\/radiocomercial.cv\/index.php?rest_route=\/wp\/v2\/posts\/1302\/revisions\/1304"}],"wp:featuredmedia":[{"embeddable":true,"href":"https:\/\/radiocomercial.cv\/index.php?rest_route=\/wp\/v2\/media\/1303"}],"wp:attachment":[{"href":"https:\/\/radiocomercial.cv\/index.php?rest_route=%2Fwp%2Fv2%2Fmedia&parent=1302"}],"wp:term":[{"taxonomy":"category","embeddable":true,"href":"https:\/\/radiocomercial.cv\/index.php?rest_route=%2Fwp%2Fv2%2Fcategories&post=1302"},{"taxonomy":"post_tag","embeddable":true,"href":"https:\/\/radiocomercial.cv\/index.php?rest_route=%2Fwp%2Fv2%2Ftags&post=1302"}],"curies":[{"name":"wp","href":"https:\/\/api.w.org\/{rel}","templated":true}]}}