{"id":1305,"date":"2024-07-09T13:38:52","date_gmt":"2024-07-09T13:38:52","guid":{"rendered":"https:\/\/radiocomercial.cv\/?p=1305"},"modified":"2024-07-09T13:38:53","modified_gmt":"2024-07-09T13:38:53","slug":"djamila-silva-e-david-pina-porta-bandeira-de-cabo-verde-nos-jogos-olimpicos-de-paris2024","status":"publish","type":"post","link":"https:\/\/radiocomercial.cv\/?p=1305","title":{"rendered":"Djamila Silva e David Pina Porta Bandeira de Cabo Verde nos Jogos Ol\u00edmpicos de Paris\u20192024"},"content":{"rendered":"\n<p><strong>Os atletas Djamila Silva (judo) e David Pina (boxe) v\u00e3o ser os Porta Bandeira de Cabo Verde nos Jogos Ol\u00edmpicos de Paris\u20192024, a acontecerem de 26 de Julho a 11 de Agosto.<\/strong><\/p>\n\n\n\n<p>O an\u00fancio foi feito esta segunda-feira na cidade da Praia pela presidente do Comit\u00e9 Ol\u00edmpico Cabo-verdiano, Filomena Fortes, na cerim\u00f3nia da recep\u00e7\u00e3o da Bandeira nacional da delega\u00e7\u00e3o ol\u00edmpica cabo-verdiana &#8211; Team Cabo Verde &#8211; por parte do Presidente da Rep\u00fablica, Jos\u00e9 Maria Neves.<\/p>\n\n\n\n<p>Na ocasi\u00e3o, Filomena Fortes disse que se trata de um momento de orgulho ser recebido pelo Chefe do Estado e enalteceu o apoio da Presid\u00eancia da Rep\u00fablica no apoio \u00e0 participa\u00e7\u00e3o de Cabo Verde nos Jogos Ol\u00edmpicos.<\/p>\n\n\n\n<p>David Pina qualificou-se para os Jogos Ol\u00edmpicos de Paris\u20192024, ao vencer, no passado m\u00eas de Junho, a final dos 51 Kg do Torneio de qualifica\u00e7\u00e3o, realizado em Bangkok, Tail\u00e2ndia, ante um concorrente do Ir\u00e3o.<\/p>\n\n\n\n<p>O atleta de Santa Cruz, interior de Santiago, a residir em Portugal, \u00e9 o \u00fanico atleta cabo-verdiano a qualificar-se por m\u00e9rito pr\u00f3prio para jogos Ol\u00edmpicos Paris\u20192004.<\/p>\n\n\n\n<p>J\u00e1 a judoca internacional cabo-verdiana Djamila Silva conseguiu a qualifica\u00e7\u00e3o pelo ranking continental na categoria -52 quilograma.<\/p>\n\n\n\n<p>De referir que 24 elementos integram a delega\u00e7\u00e3o cabo-verdiana para Paris\u20192024, dos quais cinco dos sete atletas qualificados, designadamente os pugilistas David Pina e Ivanusa Moreira (boxe), o esgrimista Victor Alvares, a Judoca Djamila Silva, os nadadores Jos\u00e9 Tati e Jayla Pina , assim como o maratonista Samuel Freire ( Atletismo .<\/p>\n\n\n\n<p>Far\u00e3o, igualmente, parte da comitiva cabo-verdiana cinco treinadores (de boxe, esgrima, judo e nata\u00e7\u00e3o) seis oficiais de equipa, al\u00e9m do Chefe da Miss\u00e3o, L\u00e9o Moreau, do m\u00e9dico, do fisioterapeuta, do preparador f\u00edsico, do psic\u00f3logo e dos respons\u00e1veis do COC.<\/p>\n\n\n\n<p><strong>Fonte: Inforpress<\/strong><\/p>\n","protected":false},"excerpt":{"rendered":"<p>Os atletas Djamila Silva (judo) e David Pina (boxe) v\u00e3o ser os Porta Bandeira de Cabo Verde nos Jogos Ol\u00edmpicos de Paris\u20192024, a acontecerem de 26 de Julho a 11 de Agosto. O an\u00fancio foi feito esta segunda-feira na cidade da Praia pela presidente do Comit\u00e9 Ol\u00edmpico Cabo-verdiano, Filomena Fortes, na cerim\u00f3nia da recep\u00e7\u00e3o da<br \/><a class=\"moretag\" href=\"https:\/\/radiocomercial.cv\/?p=1305\">+ Read More<\/a><\/p>\n","protected":false},"author":2,"featured_media":1306,"comment_status":"open","ping_status":"open","sticky":false,"template":"","format":"standard","meta":{"footnotes":""},"categories":[6],"tags":[],"class_list":["post-1305","post","type-post","status-publish","format-standard","has-post-thumbnail","hentry","category-noticias"],"featured_image_src":"https:\/\/radiocomercial.cv\/wp-content\/uploads\/2024\/07\/Porta-bandeira-Jogos-olimpicos-Paris-2024.jpg","featured_image_src_square":"https:\/\/radiocomercial.cv\/wp-content\/uploads\/2024\/07\/Porta-bandeira-Jogos-olimpicos-Paris-2024.jpg","author_info":{"display_name":"Radio Comercial","author_link":"https:\/\/radiocomercial.cv\/?author=2"},"rbea_author_info":{"display_name":"Radio Comercial","author_link":"https:\/\/radiocomercial.cv\/?author=2"},"rbea_excerpt_info":"Os atletas Djamila Silva (judo) e David Pina (boxe) v\u00e3o ser os Porta Bandeira de Cabo Verde nos Jogos Ol\u00edmpicos de Paris\u20192024, a acontecerem de 26 de Julho a 11 de Agosto. O an\u00fancio foi feito esta segunda-feira na cidade da Praia pela presidente do Comit\u00e9 Ol\u00edmpico Cabo-verdiano, Filomena Fortes, na cerim\u00f3nia da recep\u00e7\u00e3o da<br><a class=\"moretag\" href=\"https:\/\/radiocomercial.cv\/?p=1305\">+ Read More<\/a>","category_list":"<a href=\"https:\/\/radiocomercial.cv\/?cat=6\" rel=\"category\">Noticias<\/a>","comments_num":"0 comments","_links":{"self":[{"href":"https:\/\/radiocomercial.cv\/index.php?rest_route=\/wp\/v2\/posts\/1305","targetHints":{"allow":["GET"]}}],"collection":[{"href":"https:\/\/radiocomercial.cv\/index.php?rest_route=\/wp\/v2\/posts"}],"about":[{"href":"https:\/\/radiocomercial.cv\/index.php?rest_route=\/wp\/v2\/types\/post"}],"author":[{"embeddable":true,"href":"https:\/\/radiocomercial.cv\/index.php?rest_route=\/wp\/v2\/users\/2"}],"replies":[{"embeddable":true,"href":"https:\/\/radiocomercial.cv\/index.php?rest_route=%2Fwp%2Fv2%2Fcomments&post=1305"}],"version-history":[{"count":1,"href":"https:\/\/radiocomercial.cv\/index.php?rest_route=\/wp\/v2\/posts\/1305\/revisions"}],"predecessor-version":[{"id":1307,"href":"https:\/\/radiocomercial.cv\/index.php?rest_route=\/wp\/v2\/posts\/1305\/revisions\/1307"}],"wp:featuredmedia":[{"embeddable":true,"href":"https:\/\/radiocomercial.cv\/index.php?rest_route=\/wp\/v2\/media\/1306"}],"wp:attachment":[{"href":"https:\/\/radiocomercial.cv\/index.php?rest_route=%2Fwp%2Fv2%2Fmedia&parent=1305"}],"wp:term":[{"taxonomy":"category","embeddable":true,"href":"https:\/\/radiocomercial.cv\/index.php?rest_route=%2Fwp%2Fv2%2Fcategories&post=1305"},{"taxonomy":"post_tag","embeddable":true,"href":"https:\/\/radiocomercial.cv\/index.php?rest_route=%2Fwp%2Fv2%2Ftags&post=1305"}],"curies":[{"name":"wp","href":"https:\/\/api.w.org\/{rel}","templated":true}]}}