{"id":1308,"date":"2024-07-10T13:29:09","date_gmt":"2024-07-10T13:29:09","guid":{"rendered":"https:\/\/radiocomercial.cv\/?p=1308"},"modified":"2024-07-10T13:29:10","modified_gmt":"2024-07-10T13:29:10","slug":"team-cabo-verde-viaja-hoje-para-a-segunda-fase-do-estagio-em-franca","status":"publish","type":"post","link":"https:\/\/radiocomercial.cv\/?p=1308","title":{"rendered":"Team Cabo Verde viaja hoje para a segunda fase do est\u00e1gio em Fran\u00e7a"},"content":{"rendered":"\n<p>A comitiva cabo-verdiana para os Jogos Ol\u00edmpicos Paris\u20192024 deixa na noite desta quarta-feira o pa\u00eds com destino \u00e0 Fran\u00e7a, para a segunda fase do est\u00e1gio para a XXXIII Olimp\u00edada, envolto em pol\u00e9mica acerca do financiamento.<\/p>\n\n\n\n<p>Segundo a presidente do Comit\u00e9 Ol\u00edmpico Cabo-verdiano (COC), Filomena Fortes, o \u201cTeam Cabo Verde\u201d, nome pelo qual \u00e9 conhecida a comitiva cabo-verdiana, tem um or\u00e7amento avaliado em 20 milh\u00f5es de escudos suportado pela Presid\u00eancia da Rep\u00fablica e empresas p\u00fablicas e privadas, sem qualquer financiamento do Governo.<\/p>\n\n\n\n<p>Esta den\u00fancia mereceu a reac\u00e7\u00e3o do Governo, atrav\u00e9s do presidente do Instituto do Desporto e da Juventude, ao considerar \u201cdesconexas, despropositadas e desprovidas de coer\u00eancia\u201d as declara\u00e7\u00f5es da l\u00edder do COC.<\/p>\n\n\n\n<p>Jos\u00e9 Eduardo dos Santos acusou o COC de ignorar o facto de v\u00e1rios atletas de Cabo Verde \u201cterem participado em provas qualificativas para os Jogos Ol\u00edmpicos atrav\u00e9s das Federa\u00e7\u00f5es Nacionais, com total suporte financeiro do Governo estando entre esses os atletas qualificados nas modalidades de atletismo, boxe e judo\u201d.<\/p>\n\n\n\n<p>Certo \u00e9 que terminado o pr\u00e9-est\u00e1gio da Cidade da Praia com cinco dos sete atletas qualificados para Paris\u20192024, o Team Cabo Verde, segundo o chefe da miss\u00e3o cabo-verdiana, Leo Moreau,&nbsp; parte para a segunda fase do est\u00e1gio, de 11 a 23 de Julho em Parthenay-Gatine (Fran\u00e7a), munic\u00edpio que funciona como a casa da delega\u00e7\u00e3o cabo-verdiana para os Jogos Ol\u00edmpicos de Paris 2024.<\/p>\n\n\n\n<p>Deste munic\u00edpio, o \u201cTeam Cabo Verde\u201d vai directamente a Paris a 23 do corrente para se concentrar nos Jogos Ol\u00edmpicos de Paris que se realizam de 26 de Julho a 11 de Agosto.<\/p>\n\n\n\n<p>Cabo Verde vai estar nesta competi\u00e7\u00e3o com sete atletas, designadamente Samuel Freire, na meia-maratona, Jayla Pina&nbsp; e Jos\u00e9 Tati em nata\u00e7\u00e3o, Nancy Moreira e David Pina no boxe, Victor Alvares d\u2019Oliveira no esgrima e Djamila Correia e Silva no judo.<\/p>\n\n\n\n<p>Integram a delega\u00e7\u00e3o um total de 26 elementos, dos quais os sete atletas qualificados, cinco treinadores (de boxe, esgrima, judo e nata\u00e7\u00e3o) seis oficiais de equipa, al\u00e9m do chefe da miss\u00e3o, L\u00e9o Moreau, um m\u00e9dico, um fisioterapeuta, um preparador f\u00edsico, um psic\u00f3logo e respons\u00e1veis da COC.<\/p>\n\n\n\n<p>Esta \u00e9 a maior delega\u00e7\u00e3o de sempre de Cabo Verde (sete atletas) aos Jogos Ol\u00edmpicos, que arrancam no dia 26 de Julho e terminam a 11 de Agosto em Paris, onde est\u00e1 assegurada a participa\u00e7\u00e3o de 10.500 atletas, em representa\u00e7\u00e3o de 206 Comit\u00e9s Ol\u00edmpicos.<\/p>\n\n\n\n<p><strong>Fonte: Inforpress<\/strong><\/p>\n\n\n\n<p><\/p>\n","protected":false},"excerpt":{"rendered":"<p>A comitiva cabo-verdiana para os Jogos Ol\u00edmpicos Paris\u20192024 deixa na noite desta quarta-feira o pa\u00eds com destino \u00e0 Fran\u00e7a, para a segunda fase do est\u00e1gio para a XXXIII Olimp\u00edada, envolto em pol\u00e9mica acerca do financiamento. Segundo a presidente do Comit\u00e9 Ol\u00edmpico Cabo-verdiano (COC), Filomena Fortes, o \u201cTeam Cabo Verde\u201d, nome pelo qual \u00e9 conhecida a<br \/><a class=\"moretag\" href=\"https:\/\/radiocomercial.cv\/?p=1308\">+ Read More<\/a><\/p>\n","protected":false},"author":2,"featured_media":1309,"comment_status":"open","ping_status":"open","sticky":false,"template":"","format":"standard","meta":{"footnotes":""},"categories":[6],"tags":[],"class_list":["post-1308","post","type-post","status-publish","format-standard","has-post-thumbnail","hentry","category-noticias"],"featured_image_src":"https:\/\/radiocomercial.cv\/wp-content\/uploads\/2024\/07\/Team-Cabo-Verde-viaja-para-Franca.jpg","featured_image_src_square":"https:\/\/radiocomercial.cv\/wp-content\/uploads\/2024\/07\/Team-Cabo-Verde-viaja-para-Franca.jpg","author_info":{"display_name":"Radio Comercial","author_link":"https:\/\/radiocomercial.cv\/?author=2"},"rbea_author_info":{"display_name":"Radio Comercial","author_link":"https:\/\/radiocomercial.cv\/?author=2"},"rbea_excerpt_info":"A comitiva cabo-verdiana para os Jogos Ol\u00edmpicos Paris\u20192024 deixa na noite desta quarta-feira o pa\u00eds com destino \u00e0 Fran\u00e7a, para a segunda fase do est\u00e1gio para a XXXIII Olimp\u00edada, envolto em pol\u00e9mica acerca do financiamento. Segundo a presidente do Comit\u00e9 Ol\u00edmpico Cabo-verdiano (COC), Filomena Fortes, o \u201cTeam Cabo Verde\u201d, nome pelo qual \u00e9 conhecida a<br><a class=\"moretag\" href=\"https:\/\/radiocomercial.cv\/?p=1308\">+ Read More<\/a>","category_list":"<a href=\"https:\/\/radiocomercial.cv\/?cat=6\" rel=\"category\">Noticias<\/a>","comments_num":"0 comments","_links":{"self":[{"href":"https:\/\/radiocomercial.cv\/index.php?rest_route=\/wp\/v2\/posts\/1308","targetHints":{"allow":["GET"]}}],"collection":[{"href":"https:\/\/radiocomercial.cv\/index.php?rest_route=\/wp\/v2\/posts"}],"about":[{"href":"https:\/\/radiocomercial.cv\/index.php?rest_route=\/wp\/v2\/types\/post"}],"author":[{"embeddable":true,"href":"https:\/\/radiocomercial.cv\/index.php?rest_route=\/wp\/v2\/users\/2"}],"replies":[{"embeddable":true,"href":"https:\/\/radiocomercial.cv\/index.php?rest_route=%2Fwp%2Fv2%2Fcomments&post=1308"}],"version-history":[{"count":1,"href":"https:\/\/radiocomercial.cv\/index.php?rest_route=\/wp\/v2\/posts\/1308\/revisions"}],"predecessor-version":[{"id":1310,"href":"https:\/\/radiocomercial.cv\/index.php?rest_route=\/wp\/v2\/posts\/1308\/revisions\/1310"}],"wp:featuredmedia":[{"embeddable":true,"href":"https:\/\/radiocomercial.cv\/index.php?rest_route=\/wp\/v2\/media\/1309"}],"wp:attachment":[{"href":"https:\/\/radiocomercial.cv\/index.php?rest_route=%2Fwp%2Fv2%2Fmedia&parent=1308"}],"wp:term":[{"taxonomy":"category","embeddable":true,"href":"https:\/\/radiocomercial.cv\/index.php?rest_route=%2Fwp%2Fv2%2Fcategories&post=1308"},{"taxonomy":"post_tag","embeddable":true,"href":"https:\/\/radiocomercial.cv\/index.php?rest_route=%2Fwp%2Fv2%2Ftags&post=1308"}],"curies":[{"name":"wp","href":"https:\/\/api.w.org\/{rel}","templated":true}]}}