{"id":1323,"date":"2024-07-23T11:19:12","date_gmt":"2024-07-23T11:19:12","guid":{"rendered":"https:\/\/radiocomercial.cv\/?p=1323"},"modified":"2024-07-23T11:19:12","modified_gmt":"2024-07-23T11:19:12","slug":"dynamo-apresenta-novo-album-na-praia","status":"publish","type":"post","link":"https:\/\/radiocomercial.cv\/?p=1323","title":{"rendered":"Dynamo apresenta novo \u00e1lbum na Praia"},"content":{"rendered":"\n<p><strong>O artista cabo-verdiano Dynamo vai lan\u00e7ar o novo \u00e1lbum &#8220;Blindado&#8221;, no s\u00e1bado, 27, na cidade da Praia, no espa\u00e7o na Kebra Kanela, anunciou hoje o m\u00fasico.<\/strong><\/p>\n\n\n\n<p>Na sua p\u00e1gina pessoal da rede social Facebook, o artista explicou que escolheu o lan\u00e7amento do seu novo trabalho, primeiro na cidade da Praia, porque foi na capital onde iniciou a sua carreira a solo.<\/p>\n\n\n\n<p>&#8220;Foi a primeira cidade a me acolher, primeiro p\u00fablico que me demonstrou um tipo de amor e carinho que eu s\u00f3 conhecia nos meus sonhos&#8221;, exprimiu.&nbsp;<\/p>\n\n\n\n<p>Acrescentou ainda que tem um &#8220;grande carinho&#8221; por esta cidade onde viveu os primeiros anos da sua vida antes de se mudar para a ilha do Sal com a sua fam\u00edlia, aos 4 anos de idade.<\/p>\n\n\n\n<p>&#8220;A minha conex\u00e3o com a ilha de Santiago vem a partir da minha m\u00e3e, dos meus av\u00f3s, desde Tarrafal, Assomada, \u00d3rg\u00e3os, Picos, at\u00e9 \u00e0 minha querida e amada cidade da Praia&#8221;, real\u00e7ou.<\/p>\n\n\n\n<p>&#8221; N\u00e3o poderia come\u00e7ar esse tour de outra forma, por isso escolhi Praia, que para sempre ser\u00e1 a minha casa, onde me sinto bem, respeitado e amado pela grande maioria&#8221;, sublinhou.<\/p>\n\n\n\n<p>Neste show, o artista promete uma &#8221; noite memor\u00e1vel&#8221; a todos aqueles que gostam dele e apreciam o seu trabalho.<\/p>\n\n\n\n<p>Tony Fika, Dwayne, CESF e Loony Johnson, s\u00e3o&nbsp;os artistas que v\u00e3o participar neste espect\u00e1culo de apresenta\u00e7\u00e3o do seu mais recente \u00e1lbum.<\/p>\n\n\n\n<p>O artista disse que tr\u00eas mil bilhetes j\u00e1 foram vendidos, gra\u00e7a a seus f\u00e3s, por isso afirmou que est\u00e1 a sentir- se muito contente.<\/p>\n\n\n\n<p>\u201cBlindado\u201d \u00e9 o quarto trabalho discogr\u00e1fico deste artista, que foi lan\u00e7ado h\u00e1 um m\u00eas. Est\u00e1 dividido em dois volumes e \u00e9 composto por 24 m\u00fasicas, que falam de \u201cpersist\u00eancia, dedica\u00e7\u00e3o, de caminhar com os p\u00e9s assentes no ch\u00e3o, mesmo com oscila\u00e7\u00f5es no solo&#8221;.<\/p>\n\n\n\n<p>Ap\u00f3s a cidade da Praia, \u201cBlindado\u201d ser\u00e1 apresentado nos Estados Unidos da Am\u00e9rica, no dia 03 de Agosto e em Portugal, no Coliseu dos Recreios, no in\u00edcio de Outubro.<\/p>\n\n\n\n<p><strong>Fonte: Inforpress<\/strong><\/p>\n","protected":false},"excerpt":{"rendered":"<p>O artista cabo-verdiano Dynamo vai lan\u00e7ar o novo \u00e1lbum &#8220;Blindado&#8221;, no s\u00e1bado, 27, na cidade da Praia, no espa\u00e7o na Kebra Kanela, anunciou hoje o m\u00fasico. Na sua p\u00e1gina pessoal da rede social Facebook, o artista explicou que escolheu o lan\u00e7amento do seu novo trabalho, primeiro na cidade da Praia, porque foi na capital onde<br \/><a class=\"moretag\" href=\"https:\/\/radiocomercial.cv\/?p=1323\">+ Read More<\/a><\/p>\n","protected":false},"author":2,"featured_media":1324,"comment_status":"open","ping_status":"open","sticky":false,"template":"","format":"standard","meta":{"footnotes":""},"categories":[1],"tags":[],"class_list":["post-1323","post","type-post","status-publish","format-standard","has-post-thumbnail","hentry","category-uncategorized"],"featured_image_src":"https:\/\/radiocomercial.cv\/wp-content\/uploads\/2024\/07\/Dynamo.jpg","featured_image_src_square":"https:\/\/radiocomercial.cv\/wp-content\/uploads\/2024\/07\/Dynamo.jpg","author_info":{"display_name":"Radio Comercial","author_link":"https:\/\/radiocomercial.cv\/?author=2"},"rbea_author_info":{"display_name":"Radio Comercial","author_link":"https:\/\/radiocomercial.cv\/?author=2"},"rbea_excerpt_info":"O artista cabo-verdiano Dynamo vai lan\u00e7ar o novo \u00e1lbum &#8220;Blindado&#8221;, no s\u00e1bado, 27, na cidade da Praia, no espa\u00e7o na Kebra Kanela, anunciou hoje o m\u00fasico. Na sua p\u00e1gina pessoal da rede social Facebook, o artista explicou que escolheu o lan\u00e7amento do seu novo trabalho, primeiro na cidade da Praia, porque foi na capital onde<br><a class=\"moretag\" href=\"https:\/\/radiocomercial.cv\/?p=1323\">+ Read More<\/a>","category_list":"<a href=\"https:\/\/radiocomercial.cv\/?cat=1\" rel=\"category\">Uncategorized<\/a>","comments_num":"0 comments","_links":{"self":[{"href":"https:\/\/radiocomercial.cv\/index.php?rest_route=\/wp\/v2\/posts\/1323","targetHints":{"allow":["GET"]}}],"collection":[{"href":"https:\/\/radiocomercial.cv\/index.php?rest_route=\/wp\/v2\/posts"}],"about":[{"href":"https:\/\/radiocomercial.cv\/index.php?rest_route=\/wp\/v2\/types\/post"}],"author":[{"embeddable":true,"href":"https:\/\/radiocomercial.cv\/index.php?rest_route=\/wp\/v2\/users\/2"}],"replies":[{"embeddable":true,"href":"https:\/\/radiocomercial.cv\/index.php?rest_route=%2Fwp%2Fv2%2Fcomments&post=1323"}],"version-history":[{"count":1,"href":"https:\/\/radiocomercial.cv\/index.php?rest_route=\/wp\/v2\/posts\/1323\/revisions"}],"predecessor-version":[{"id":1325,"href":"https:\/\/radiocomercial.cv\/index.php?rest_route=\/wp\/v2\/posts\/1323\/revisions\/1325"}],"wp:featuredmedia":[{"embeddable":true,"href":"https:\/\/radiocomercial.cv\/index.php?rest_route=\/wp\/v2\/media\/1324"}],"wp:attachment":[{"href":"https:\/\/radiocomercial.cv\/index.php?rest_route=%2Fwp%2Fv2%2Fmedia&parent=1323"}],"wp:term":[{"taxonomy":"category","embeddable":true,"href":"https:\/\/radiocomercial.cv\/index.php?rest_route=%2Fwp%2Fv2%2Fcategories&post=1323"},{"taxonomy":"post_tag","embeddable":true,"href":"https:\/\/radiocomercial.cv\/index.php?rest_route=%2Fwp%2Fv2%2Ftags&post=1323"}],"curies":[{"name":"wp","href":"https:\/\/api.w.org\/{rel}","templated":true}]}}