{"id":1326,"date":"2024-07-25T12:20:58","date_gmt":"2024-07-25T12:20:58","guid":{"rendered":"https:\/\/radiocomercial.cv\/?p=1326"},"modified":"2024-07-25T12:20:59","modified_gmt":"2024-07-25T12:20:59","slug":"comite-olimpico-cabo-verdiano-realiza-festival-olimpico","status":"publish","type":"post","link":"https:\/\/radiocomercial.cv\/?p=1326","title":{"rendered":"Comit\u00e9 Ol\u00edmpico Cabo-verdiano realiza Festival Ol\u00edmpico"},"content":{"rendered":"\n<p><strong>O Comit\u00e9 Ol\u00edmpico Cabo-verdiano (COC) vai realizar esta sexta-feira, 26, o Festival Ol\u00edmpico, na Pra\u00e7a Center em Palmarejo, por ocasi\u00e3o da abertura dos Jogos Ol\u00edmpicos de Paris 2024.<\/strong><\/p>\n\n\n\n<p>Neste evento, o COC vai transmitir a cerim\u00f4nia de abertura ao vivo na tela principal da pra\u00e7a para dar aos cabo-verdianos a oportunidade de celebrar e apoiar o nosso pa\u00eds neste evento de reconhecimento internacional.<\/p>\n\n\n\n<p>Tamb\u00e9m o COC pretende fazer demonstra\u00e7\u00f5es desportivas e actividades divertidas durante a tarde.<\/p>\n\n\n\n<p>Conforme a mesma fonte, este evento \u00e9 uma oportunidade de fazer parte da hist\u00f3ria da participa\u00e7\u00e3o de Cabo Verde nos Jogos Ol\u00edmpicos de Paris.<\/p>\n\n\n\n<p>A cerim\u00f4nia de abertura dos Jogos Ol\u00edmpicos ter\u00e1 in\u00edcio \u00e0s 15h30 e termina \u00e0s 20h00.&nbsp;O Comit\u00e9 Ol\u00edmpico Cabo-verdiano avisa que ter\u00e1 um stand, tal como os seus parceiros nacionais.&nbsp;<\/p>\n\n\n\n<p>O Ecocentro comunit\u00e1rio de S\u00e3o Francisco estar\u00e1 presente no evento para sensibilizar o p\u00fablico para a reciclagem.&nbsp;A promo\u00e7\u00e3o de desportos electr\u00f3nicos ser\u00e1 realizada atrav\u00e9s do stand do Torneio Tubaron.<\/p>\n\n\n\n<p>De lembrar que Cabo Verde est\u00e1 nos Jogos Ol\u00edmpicos de Paris, com sete atletas, designadamente Samuel Freire, na meia-maratona, Jayla Pina e Jos\u00e9 Tati em nata\u00e7\u00e3o, Nancy Moreira e David Pina no boxe, Victor Alvares d\u2019Oliveira no esgrima e Djamila Correia e Silva no judo.<\/p>\n\n\n\n<p>Integram ainda a delega\u00e7\u00e3o um total de 26 elementos, dos quais os sete atletas qualificados, cinco treinadores (de boxe, esgrima, judo e nata\u00e7\u00e3o) seis oficiais de equipa, al\u00e9m do chefe da miss\u00e3o, L\u00e9o Moreau, um m\u00e9dico, um fisioterapeuta, um preparador f\u00edsico, um psic\u00f3logo e respons\u00e1veis da COC.<\/p>\n\n\n\n<p>O Presidente da Rep\u00fablica, Jos\u00e9 Maria Neves, j\u00e1 est\u00e1 na Fran\u00e7a, para participar na Abertura dos Jogos Ol\u00edmpicos e Paral\u00edmpicos de Paris.<\/p>\n\n\n\n<p><strong>Fonte: Expresso das ilhas <\/strong><\/p>\n","protected":false},"excerpt":{"rendered":"<p>O Comit\u00e9 Ol\u00edmpico Cabo-verdiano (COC) vai realizar esta sexta-feira, 26, o Festival Ol\u00edmpico, na Pra\u00e7a Center em Palmarejo, por ocasi\u00e3o da abertura dos Jogos Ol\u00edmpicos de Paris 2024. Neste evento, o COC vai transmitir a cerim\u00f4nia de abertura ao vivo na tela principal da pra\u00e7a para dar aos cabo-verdianos a oportunidade de celebrar e apoiar<br \/><a class=\"moretag\" href=\"https:\/\/radiocomercial.cv\/?p=1326\">+ Read More<\/a><\/p>\n","protected":false},"author":2,"featured_media":1327,"comment_status":"open","ping_status":"open","sticky":false,"template":"","format":"standard","meta":{"footnotes":""},"categories":[1],"tags":[],"class_list":["post-1326","post","type-post","status-publish","format-standard","has-post-thumbnail","hentry","category-uncategorized"],"featured_image_src":"https:\/\/radiocomercial.cv\/wp-content\/uploads\/2024\/07\/Comite-olimpico-gala.jpg","featured_image_src_square":"https:\/\/radiocomercial.cv\/wp-content\/uploads\/2024\/07\/Comite-olimpico-gala.jpg","author_info":{"display_name":"Radio Comercial","author_link":"https:\/\/radiocomercial.cv\/?author=2"},"rbea_author_info":{"display_name":"Radio Comercial","author_link":"https:\/\/radiocomercial.cv\/?author=2"},"rbea_excerpt_info":"O Comit\u00e9 Ol\u00edmpico Cabo-verdiano (COC) vai realizar esta sexta-feira, 26, o Festival Ol\u00edmpico, na Pra\u00e7a Center em Palmarejo, por ocasi\u00e3o da abertura dos Jogos Ol\u00edmpicos de Paris 2024. Neste evento, o COC vai transmitir a cerim\u00f4nia de abertura ao vivo na tela principal da pra\u00e7a para dar aos cabo-verdianos a oportunidade de celebrar e apoiar<br><a class=\"moretag\" href=\"https:\/\/radiocomercial.cv\/?p=1326\">+ Read More<\/a>","category_list":"<a href=\"https:\/\/radiocomercial.cv\/?cat=1\" rel=\"category\">Uncategorized<\/a>","comments_num":"0 comments","_links":{"self":[{"href":"https:\/\/radiocomercial.cv\/index.php?rest_route=\/wp\/v2\/posts\/1326","targetHints":{"allow":["GET"]}}],"collection":[{"href":"https:\/\/radiocomercial.cv\/index.php?rest_route=\/wp\/v2\/posts"}],"about":[{"href":"https:\/\/radiocomercial.cv\/index.php?rest_route=\/wp\/v2\/types\/post"}],"author":[{"embeddable":true,"href":"https:\/\/radiocomercial.cv\/index.php?rest_route=\/wp\/v2\/users\/2"}],"replies":[{"embeddable":true,"href":"https:\/\/radiocomercial.cv\/index.php?rest_route=%2Fwp%2Fv2%2Fcomments&post=1326"}],"version-history":[{"count":1,"href":"https:\/\/radiocomercial.cv\/index.php?rest_route=\/wp\/v2\/posts\/1326\/revisions"}],"predecessor-version":[{"id":1328,"href":"https:\/\/radiocomercial.cv\/index.php?rest_route=\/wp\/v2\/posts\/1326\/revisions\/1328"}],"wp:featuredmedia":[{"embeddable":true,"href":"https:\/\/radiocomercial.cv\/index.php?rest_route=\/wp\/v2\/media\/1327"}],"wp:attachment":[{"href":"https:\/\/radiocomercial.cv\/index.php?rest_route=%2Fwp%2Fv2%2Fmedia&parent=1326"}],"wp:term":[{"taxonomy":"category","embeddable":true,"href":"https:\/\/radiocomercial.cv\/index.php?rest_route=%2Fwp%2Fv2%2Fcategories&post=1326"},{"taxonomy":"post_tag","embeddable":true,"href":"https:\/\/radiocomercial.cv\/index.php?rest_route=%2Fwp%2Fv2%2Ftags&post=1326"}],"curies":[{"name":"wp","href":"https:\/\/api.w.org\/{rel}","templated":true}]}}