{"id":1329,"date":"2024-07-25T13:07:20","date_gmt":"2024-07-25T13:07:20","guid":{"rendered":"https:\/\/radiocomercial.cv\/?p=1329"},"modified":"2024-07-25T13:07:20","modified_gmt":"2024-07-25T13:07:20","slug":"presidente-da-republica-destaca-papel-do-desporto-na-transformacao-socioeconomica-dos-paises-africanos","status":"publish","type":"post","link":"https:\/\/radiocomercial.cv\/?p=1329","title":{"rendered":"Presidente da Rep\u00fablica destaca papel do desporto na transforma\u00e7\u00e3o socioecon\u00f3mica dos pa\u00edses africanos"},"content":{"rendered":"\n<p><strong>O Presidente da Rep\u00fablica, Jos\u00e9 Maria Neves, considerou hoje que o desporto pode ser \u201cum importante elemento de transforma\u00e7\u00e3o\u201d socioecon\u00f3mica dos pa\u00edses africanos, sobretudo no cumprimento dos Objectivos de Desenvolvimento Sustent\u00e1vel (ODS).<\/strong><\/p>\n\n\n\n<p>A proposta vai ser apresentada pelo chefe de Estado, na tarde de hoje, em Paris (Fran\u00e7a) durante a sua participa\u00e7\u00e3o na cimeira \u00abSport et D\u00e9veloppement durable\u00bb, a convite do seu hom\u00f3logo franc\u00eas, Emmanuel Macron e do Presidente do Comit\u00ea Ol\u00edmpico Internacional, (COI), Thomas Bach.<\/p>\n\n\n\n<p>Jos\u00e9 Maria Neves, que se encontra na capital francesa para representar o pa\u00eds na abertura dos Jogos Ol\u00edmpicos e Paral\u00edmpicos de Paris, que ter\u00e1 lugar esta sexta-feira, 26, no rio Sena, considerou que o evento constitui uma excelente oportunidade para celebrar o desporto e os seus valores em benef\u00edcio das gera\u00e7\u00f5es futuras.<\/p>\n\n\n\n<p>Para o Presidente da Rep\u00fablica, que falava \u00e0 R\u00e1dio de Cabo Verde (RCV), o \u201cAcordo de Paris para o Desporto e o Desenvolvimento Sustent\u00e1vel\u201d, que dever\u00e1 sair da cimeira, pode dar uma importante contribui\u00e7\u00e3o para a defini\u00e7\u00e3o de pol\u00edticas p\u00fablicas em \u00e1reas que favore\u00e7am o desporto e acelera o crescimento inclusivo nos diferentes pa\u00edses, criando mais oportunidades, particularmente para os jovens.<\/p>\n\n\n\n<p>O chefe de Estado vai representar o pa\u00eds, pela primeira vez, ao mais alto n\u00edvel nas cerim\u00f3nias oficiais dos Jogos Ol\u00edmpicos e Paral\u00edmpicos.<\/p>\n\n\n\n<p>\u00c0 margem, o mais alto magistrado da Na\u00e7\u00e3o receber\u00e1 na manh\u00e3 de sexta-feira, 26, a delega\u00e7\u00e3o ol\u00edmpica cabo-verdiana na Embaixada de Cabo Verde em Fran\u00e7a e participar\u00e1 tamb\u00e9m na recep\u00e7\u00e3o oferecida pelo Presidente da Rep\u00fablica de Fran\u00e7a, Emmanuel Macron.<\/p>\n\n\n\n<p>No s\u00e1bado, 27, Jos\u00e9 Maria Neves ir\u00e1 presidir ainda \u00e0 cerim\u00f3nia de abertura da Casa de Cabo Verde, em Paris, para celebrar a cultura nacional e divulgar as potencialidades do pa\u00eds nesta que \u00e9 a maior montra do desporto mundial.<\/p>\n\n\n\n<p>Cabo Verde participa com a maior delega\u00e7\u00e3o desportiva de sempre nos Jogos Ol\u00edmpicos de Paris, nesta que \u00e9 considerada a mais emblem\u00e1tica competi\u00e7\u00e3o desportiva do mundo.<\/p>\n\n\n\n<p><strong>Fonte: Inforpress<\/strong><\/p>\n","protected":false},"excerpt":{"rendered":"<p>O Presidente da Rep\u00fablica, Jos\u00e9 Maria Neves, considerou hoje que o desporto pode ser \u201cum importante elemento de transforma\u00e7\u00e3o\u201d socioecon\u00f3mica dos pa\u00edses africanos, sobretudo no cumprimento dos Objectivos de Desenvolvimento Sustent\u00e1vel (ODS). A proposta vai ser apresentada pelo chefe de Estado, na tarde de hoje, em Paris (Fran\u00e7a) durante a sua participa\u00e7\u00e3o na cimeira \u00abSport<br \/><a class=\"moretag\" href=\"https:\/\/radiocomercial.cv\/?p=1329\">+ Read More<\/a><\/p>\n","protected":false},"author":2,"featured_media":1330,"comment_status":"open","ping_status":"open","sticky":false,"template":"","format":"standard","meta":{"footnotes":""},"categories":[1],"tags":[],"class_list":["post-1329","post","type-post","status-publish","format-standard","has-post-thumbnail","hentry","category-uncategorized"],"featured_image_src":"https:\/\/radiocomercial.cv\/wp-content\/uploads\/2024\/07\/PARIS-2024.jpg","featured_image_src_square":"https:\/\/radiocomercial.cv\/wp-content\/uploads\/2024\/07\/PARIS-2024.jpg","author_info":{"display_name":"Radio Comercial","author_link":"https:\/\/radiocomercial.cv\/?author=2"},"rbea_author_info":{"display_name":"Radio Comercial","author_link":"https:\/\/radiocomercial.cv\/?author=2"},"rbea_excerpt_info":"O Presidente da Rep\u00fablica, Jos\u00e9 Maria Neves, considerou hoje que o desporto pode ser \u201cum importante elemento de transforma\u00e7\u00e3o\u201d socioecon\u00f3mica dos pa\u00edses africanos, sobretudo no cumprimento dos Objectivos de Desenvolvimento Sustent\u00e1vel (ODS). A proposta vai ser apresentada pelo chefe de Estado, na tarde de hoje, em Paris (Fran\u00e7a) durante a sua participa\u00e7\u00e3o na cimeira \u00abSport<br><a class=\"moretag\" href=\"https:\/\/radiocomercial.cv\/?p=1329\">+ Read More<\/a>","category_list":"<a href=\"https:\/\/radiocomercial.cv\/?cat=1\" rel=\"category\">Uncategorized<\/a>","comments_num":"0 comments","_links":{"self":[{"href":"https:\/\/radiocomercial.cv\/index.php?rest_route=\/wp\/v2\/posts\/1329","targetHints":{"allow":["GET"]}}],"collection":[{"href":"https:\/\/radiocomercial.cv\/index.php?rest_route=\/wp\/v2\/posts"}],"about":[{"href":"https:\/\/radiocomercial.cv\/index.php?rest_route=\/wp\/v2\/types\/post"}],"author":[{"embeddable":true,"href":"https:\/\/radiocomercial.cv\/index.php?rest_route=\/wp\/v2\/users\/2"}],"replies":[{"embeddable":true,"href":"https:\/\/radiocomercial.cv\/index.php?rest_route=%2Fwp%2Fv2%2Fcomments&post=1329"}],"version-history":[{"count":1,"href":"https:\/\/radiocomercial.cv\/index.php?rest_route=\/wp\/v2\/posts\/1329\/revisions"}],"predecessor-version":[{"id":1331,"href":"https:\/\/radiocomercial.cv\/index.php?rest_route=\/wp\/v2\/posts\/1329\/revisions\/1331"}],"wp:featuredmedia":[{"embeddable":true,"href":"https:\/\/radiocomercial.cv\/index.php?rest_route=\/wp\/v2\/media\/1330"}],"wp:attachment":[{"href":"https:\/\/radiocomercial.cv\/index.php?rest_route=%2Fwp%2Fv2%2Fmedia&parent=1329"}],"wp:term":[{"taxonomy":"category","embeddable":true,"href":"https:\/\/radiocomercial.cv\/index.php?rest_route=%2Fwp%2Fv2%2Fcategories&post=1329"},{"taxonomy":"post_tag","embeddable":true,"href":"https:\/\/radiocomercial.cv\/index.php?rest_route=%2Fwp%2Fv2%2Ftags&post=1329"}],"curies":[{"name":"wp","href":"https:\/\/api.w.org\/{rel}","templated":true}]}}