{"id":1332,"date":"2024-07-30T18:18:58","date_gmt":"2024-07-30T18:18:58","guid":{"rendered":"https:\/\/radiocomercial.cv\/?p=1332"},"modified":"2024-07-30T18:18:59","modified_gmt":"2024-07-30T18:18:59","slug":"david-pina-triunfa-diante-de-tailandes-e-da-primeira-vitoria-a-cabo-verde-paris2024","status":"publish","type":"post","link":"https:\/\/radiocomercial.cv\/?p=1332","title":{"rendered":"David Pina triunfa diante de tailand\u00eas e d\u00e1 primeira vit\u00f3ria a Cabo Verde Paris\u20192024"},"content":{"rendered":"\n<p><strong>O pugilista internacional cabo-verdiano David Pina estreou-se hoje com uma vit\u00f3ria nos Jogos Ol\u00edmpicos de Paris, avan\u00e7ando para os quartos-de-final na categoria 51 quilogramas.<\/strong><\/p>\n\n\n\n<p>David Pina, a grande esperan\u00e7a do \u201cTeam Cabo Verde\u201d nos Jogos Ol\u00edmpicos, venceu tailand\u00eas Thitsan Panmod, em combate realizado no Arena Palais Nord, em Paris (Fran\u00e7a).<\/p>\n\n\n\n<p>Nos quartos-de-final, David Pina vai tem como advers\u00e1rio um pugilista da Z\u00e2mbia.<\/p>\n\n\n\n<p>O pugilista, 27 anos, natural de Santa Cruz, continua a sua caminhada ol\u00edmpica mantendo viva a esperan\u00e7a de conquistar uma medalha para Cabo Verde.<\/p>\n\n\n\n<p>David Pina qualificou-se para os Jogos Ol\u00edmpicos Paris\u20192024, precisamente na \u00faltima janela de apuramento disputado em Bangkok, Tail\u00e2ndia, em Junho, onde venceu o torneio Boxing Road Paris nos 51 kg, com o pleno de vit\u00f3rias nos quatro combates diante dos pugilistas da S\u00e9rvia, Hong Kong, Ucr\u00e2nia e do Ir\u00e3o na final.<\/p>\n\n\n\n<p>O atleta torna-se no primeiro pugilista cabo-verdiano de sempre a ganhar um combate nos Jogos Ol\u00edmpicos, ficando entre os oito melhores na categoria do 51 quilogramas.<\/p>\n\n\n\n<p>Os pr\u00f3ximos atletas do Team Cabo Verde a entrarem em cena v\u00e3o ser o jovem nadador Jos\u00e9 Tati, e a pugilista Ivanusa \u201cNancy\u201d Moreira, que compete na quinta-feira, 01 de Agosto, \u00e0s 08:00 de Cabo Verde, e 17:15, no Paris La Defense Arena e Arena Paris Nord, respectivamente.<\/p>\n\n\n\n<p>Cabo Verde est\u00e1 a competir no Paris\u20192024 com sete atletas, designadamente Samuel Freire, na meia-maratona, Jayla Pina e Jos\u00e9 Tati, em nata\u00e7\u00e3o, Nancy Moreira e David Pina, no boxe, Victor Alvares d\u2019Oliveira, na esgrima, e Djamila Correia e Silva, no judo.<\/p>\n\n\n\n<p>Integram a delega\u00e7\u00e3o 26 elementos, dos quais os sete atletas qualificados, cinco treinadores (de boxe, esgrima, judo e nata\u00e7\u00e3o) seis oficiais de equipa, al\u00e9m do chefe da miss\u00e3o, L\u00e9o Moreau, um m\u00e9dico, um fisioterapeuta, um preparador f\u00edsico, um psic\u00f3logo e respons\u00e1veis da COC.<\/p>\n\n\n\n<p>Esta \u00e9 a maior delega\u00e7\u00e3o de sempre de Cabo Verde (sete atletas) aos Jogos Ol\u00edmpicos, que arrancam no dia 26 de Julho e terminam a 11 de Agosto em Paris, onde est\u00e1 assegurada a participa\u00e7\u00e3o de 10.500 atletas, em representa\u00e7\u00e3o de 206 Comit\u00e9s Ol\u00edmpicos.<\/p>\n\n\n\n<p><strong>Fonte: Inforpress<\/strong><\/p>\n","protected":false},"excerpt":{"rendered":"<p>O pugilista internacional cabo-verdiano David Pina estreou-se hoje com uma vit\u00f3ria nos Jogos Ol\u00edmpicos de Paris, avan\u00e7ando para os quartos-de-final na categoria 51 quilogramas. David Pina, a grande esperan\u00e7a do \u201cTeam Cabo Verde\u201d nos Jogos Ol\u00edmpicos, venceu tailand\u00eas Thitsan Panmod, em combate realizado no Arena Palais Nord, em Paris (Fran\u00e7a). Nos quartos-de-final, David Pina vai<br \/><a class=\"moretag\" href=\"https:\/\/radiocomercial.cv\/?p=1332\">+ Read More<\/a><\/p>\n","protected":false},"author":2,"featured_media":1333,"comment_status":"open","ping_status":"open","sticky":false,"template":"","format":"standard","meta":{"footnotes":""},"categories":[1],"tags":[],"class_list":["post-1332","post","type-post","status-publish","format-standard","has-post-thumbnail","hentry","category-uncategorized"],"featured_image_src":"https:\/\/radiocomercial.cv\/wp-content\/uploads\/2024\/07\/David-Pina-2.jpg","featured_image_src_square":"https:\/\/radiocomercial.cv\/wp-content\/uploads\/2024\/07\/David-Pina-2.jpg","author_info":{"display_name":"Radio Comercial","author_link":"https:\/\/radiocomercial.cv\/?author=2"},"rbea_author_info":{"display_name":"Radio Comercial","author_link":"https:\/\/radiocomercial.cv\/?author=2"},"rbea_excerpt_info":"O pugilista internacional cabo-verdiano David Pina estreou-se hoje com uma vit\u00f3ria nos Jogos Ol\u00edmpicos de Paris, avan\u00e7ando para os quartos-de-final na categoria 51 quilogramas. David Pina, a grande esperan\u00e7a do \u201cTeam Cabo Verde\u201d nos Jogos Ol\u00edmpicos, venceu tailand\u00eas Thitsan Panmod, em combate realizado no Arena Palais Nord, em Paris (Fran\u00e7a). Nos quartos-de-final, David Pina vai<br><a class=\"moretag\" href=\"https:\/\/radiocomercial.cv\/?p=1332\">+ Read More<\/a>","category_list":"<a href=\"https:\/\/radiocomercial.cv\/?cat=1\" rel=\"category\">Uncategorized<\/a>","comments_num":"0 comments","_links":{"self":[{"href":"https:\/\/radiocomercial.cv\/index.php?rest_route=\/wp\/v2\/posts\/1332","targetHints":{"allow":["GET"]}}],"collection":[{"href":"https:\/\/radiocomercial.cv\/index.php?rest_route=\/wp\/v2\/posts"}],"about":[{"href":"https:\/\/radiocomercial.cv\/index.php?rest_route=\/wp\/v2\/types\/post"}],"author":[{"embeddable":true,"href":"https:\/\/radiocomercial.cv\/index.php?rest_route=\/wp\/v2\/users\/2"}],"replies":[{"embeddable":true,"href":"https:\/\/radiocomercial.cv\/index.php?rest_route=%2Fwp%2Fv2%2Fcomments&post=1332"}],"version-history":[{"count":1,"href":"https:\/\/radiocomercial.cv\/index.php?rest_route=\/wp\/v2\/posts\/1332\/revisions"}],"predecessor-version":[{"id":1334,"href":"https:\/\/radiocomercial.cv\/index.php?rest_route=\/wp\/v2\/posts\/1332\/revisions\/1334"}],"wp:featuredmedia":[{"embeddable":true,"href":"https:\/\/radiocomercial.cv\/index.php?rest_route=\/wp\/v2\/media\/1333"}],"wp:attachment":[{"href":"https:\/\/radiocomercial.cv\/index.php?rest_route=%2Fwp%2Fv2%2Fmedia&parent=1332"}],"wp:term":[{"taxonomy":"category","embeddable":true,"href":"https:\/\/radiocomercial.cv\/index.php?rest_route=%2Fwp%2Fv2%2Fcategories&post=1332"},{"taxonomy":"post_tag","embeddable":true,"href":"https:\/\/radiocomercial.cv\/index.php?rest_route=%2Fwp%2Fv2%2Ftags&post=1332"}],"curies":[{"name":"wp","href":"https:\/\/api.w.org\/{rel}","templated":true}]}}