{"id":1335,"date":"2024-07-31T12:30:56","date_gmt":"2024-07-31T12:30:56","guid":{"rendered":"https:\/\/radiocomercial.cv\/?p=1335"},"modified":"2024-07-31T12:30:58","modified_gmt":"2024-07-31T12:30:58","slug":"31-de-julho-celebra-dia-nacional-do-batuque","status":"publish","type":"post","link":"https:\/\/radiocomercial.cv\/?p=1335","title":{"rendered":"31 de Julho celebra Dia Nacional do Batuque"},"content":{"rendered":"\n<p><strong>Celebra-se hoje, 31 de Julho, Dia Nacional do Batuque, a data foi institu\u00edda no ano de 2021. Este ano, o munic\u00edpio de S\u00e3o Domingos recebeu no domingo, 28, a 3\u00aa edi\u00e7\u00e3o do Festival Nacional de Batuque \u201cTerreiro N\u2019Toni Denti D\u2019Oru\u201d, para celebrar a data. <\/strong><\/p>\n\n\n\n<p>Para as batucadeiras que esteve em conversa com o Expresso das Ilhas, o Batuque est\u00e1 na moda.<\/p>\n\n\n\n<p>Segundo a batucadeira do grupo Mondon de Eug\u00e9nio Lima, Ivone Martins, o batuque j\u00e1 come\u00e7ou a ganhar o seu espa\u00e7o, gra\u00e7as ao esfor\u00e7o das batucadeiras e de algumas pessoas que gostam e querem ver esse g\u00e9nero musical num outro patamar.<\/p>\n\n\n\n<p>\u201cPosso dizer que o batuco est\u00e1 a ganhar o seu espa\u00e7o. As entidades j\u00e1 come\u00e7aram a sensibilizar para a import\u00e2ncia desse g\u00eanero musical\u201d, afirma.<\/p>\n\n\n\n<p>Ivone Martins disse que querem ver batuque em grandes palcos. \u201cJ\u00e1 come\u00e7amos a ganhar espa\u00e7o, com os nossos esfor\u00e7os, mas queremos ver batuque em grandes palcos, quer nacionais, quer internacionais\u201d.<\/p>\n\n\n\n<p>Por outro lado, afirma que tem havido investimento s\u00f3 por parte das batucadeiras, e que os promotores da cultura e de eventos ainda n\u00e3o olham o batuque como um g\u00eanero musical que talvez os possa dar algum ganho.<\/p>\n\n\n\n<p>Para a batucadeira do grupo Tradison di Terra, Teresa Fernandes batuque est\u00e1 na moda. \u201cAntes n\u00e3o t\u00ednhamos nada, n\u00e3o t\u00ednhamos divulga\u00e7\u00e3o, era tudo fechado, mas hoje, o batuque est\u00e1 na moda\u201d.<\/p>\n\n\n\n<p>\u201cBatuque mudou muito, hoje em dia somos convidados para actuar nas festas de casamento, de anivers\u00e1rio, antes isso n\u00e3o acontecia. Batuque tornou-se em algo de grande valor para n\u00f3s, por isso digo que batuque est\u00e1 na moda\u201d, acrescenta.<\/p>\n\n\n\n<p>Na mesma linha, a batucadeira do grupo Heran\u00e7a Di Nos Terra, Ineida da Rosa Sena disse que o batuque est\u00e1 na moda. \u201cBatuque esteve durante algum tempo no esquecimento, mas agora est\u00e1 no seu auge\u201d.<\/p>\n\n\n\n<p>\u201cBatuque sendo a m\u00e3e de todas as m\u00fasicas em Cabo Verde, deveria receber outra aten\u00e7\u00e3o, ou destaque, porque o principal \u00e9 colocar o batuque como Patrim\u00f3nio Cultural e Imaterial da Humanidade como a morna. O funan\u00e1 hoje \u00e9 Patrim\u00f4nio Cultural Imaterial Nacional. E a morna e o funan\u00e1 vieram depois do batuque\u201d, real\u00e7a.<\/p>\n\n\n\n<p><strong>Dia Nacional de Batuco<\/strong><\/p>\n\n\n\n<p>Ivone Martins frisa que ningu\u00e9m est\u00e1 a pensar no batuque, \u201cpara o Dia Nacional de Batuco n\u00e3o vejo nenhuma entidade ou mesmo agente cultural a fazer alguma coisa para esse dia\u201d.<\/p>\n\n\n\n<p>\u201cEnt\u00e3o, somos n\u00f3s as batucadeiras que estamos a fazer algo, para que a data n\u00e3o fique em branco. N\u00f3s as batucadeiras vamos fazer algo no Dia Nacional de Batuque, para n\u00e3o deixar a data passar em branco, mas n\u00e3o h\u00e1 outra actividade prevista\u201d, sublinha.<\/p>\n\n\n\n<p>O grupo Mondon Eugenio Lima tem agendado para o dia 3 de Agosto, o Festival de Batuco, no Pavilh\u00e3o do Bairro Craveiro Lopes, na cidade da Praia, para comemorar o Dia Nacional do Batuque.<\/p>\n\n\n\n<p>Ivone Martins espera que seja um bom festival e que leve um bom p\u00fablico a ver e apreciar o trabalho das batucadeiras. \u201cO nosso objectivo e de levar o p\u00fablico da Praia para ir ver e brincar o batuque\u201d.<\/p>\n\n\n\n<p>\u201cPara esta quarta-feira, 31, n\u00e3o temos nada programado para o Dia Nacional de Batuque, mas cada grupo vai brincar e fazer o seu terreru, para n\u00e3o deixar a data passar em branco\u201d, sublinha.<\/p>\n\n\n\n<p>O grupo de batucadeiras do grupo Mondon Eugenio Lima foi criado a 20 de Agosto de 2006, j\u00e1 est\u00e1 com 18 anos de exist\u00eancia. \u201cHoje em dia, somos um grupo com actividade todos os dias, temos uma din\u00e2mica de receber as pessoas no aeroporto, temos din\u00e2mica em fazer surpresas, ent\u00e3o o nosso grupo est\u00e1 num bom caminho\u201d.<\/p>\n\n\n\n<p>Ivone Martins conta que o grupo Mondon Eugenio Lima tem actua\u00e7ao as ter\u00e7as no Quintal da M\u00fasica, quinta no restaurante Seven Beach Club e sexta no Nice Kriola, \u201cs\u00e3o lugares que colocam batuque todas as semanas, \u00e0s vezes no Kebra Cabana tem batuque, mas n\u00e3o \u00e9 toda as semanas\u201d.<\/p>\n\n\n\n<p>\u201cTemos tr\u00eas restaurantes na Praia que oferecem noite de batuque todas as semanas, s\u00e3o restaurantes que est\u00e3o a apoiar e a ajudar o batuque de uma forma extraordin\u00e1rio, por isso apelamos que mais lugares apoiam os grupos de batuque, porque somos muito e precisamos ir mais longe\u201d, cita.<\/p>\n\n\n\n<p>Ineida da Rosa, do grupo Heran\u00e7a Di Nos Terra, destacou que esta data \u00e9 muito importante para o batuque. \u201cJ\u00e1 \u00e9 um caminho para levarmos o batuque para Patrim\u00f3nio Cultural e Imaterial da Humanidade\u201d.<\/p>\n\n\n\n<p>Este ano, o Dia Nacional do Batuque foi celebrado no domingo, 28, em S\u00e3o Domingos, com a terceira edi\u00e7\u00e3o do Festival Nacional de Batuku, sob o lema \u201cTerreru Ntoni Denti D`Oro, onde participou 31 grupos de batuque de todos os munic\u00edpios da ilha de Santiago e batucadeiras da ilha do Maio.<\/p>\n\n\n\n<p>O festival foi realizado por Batuku Nos Alma e Funda\u00e7\u00e3o Batuku em parceria com a C\u00e2mara de S\u00e3o Domingos e o grupo Heran\u00e7a de Nos Terra.<\/p>\n\n\n\n<p>Nesta quarta-feira, 31, o grupo Heran\u00e7a di Nos Terra estar\u00e1 na Roda de Batuque, no munic\u00edpio de Tarrafal de Santiago, para comemorar o Dia Nacional de Batuque.<\/p>\n\n\n\n<p>No dia 29 de Novembro, o grupo Heran\u00e7a di Nos Terra completa 15 anos de exist\u00eancia. \u201cComo este ano vamos completar 15 anos de vida, come\u00e7amos com uma roda de batuque na nossa zona (Lagoa, S\u00e3o Domingos), j\u00e1 realizamos o Festival de Batuque no dia 28 deste m\u00eas, em S\u00e3o Domingos\u201d.<\/p>\n\n\n\n<p>Teresa Fernandes destaca que essa data \u00e9 importante para as batucadeiras, \u201cacho que deveriam fazer alguma coisa para celebrar a data, Dia Nacional de Batuque deveria ser celebrada com Festival de Batuque, porque \u00e9 um dia que nos marca\u201d.<\/p>\n\n\n\n<p>Teresa Fernandes disse que come\u00e7ou no batuque em 2003, e que de l\u00e1 para c\u00e1 j\u00e1 esteve em alguns pa\u00edses da Europa, na Am\u00e9rica e no nosso continente, e j\u00e1 tem v\u00e1rias grava\u00e7\u00f5es feitas no mercado.&nbsp;<\/p>\n\n\n\n<p><strong>Fonte: Expresso das ilhas<\/strong><\/p>\n","protected":false},"excerpt":{"rendered":"<p>Celebra-se hoje, 31 de Julho, Dia Nacional do Batuque, a data foi institu\u00edda no ano de 2021. Este ano, o munic\u00edpio de S\u00e3o Domingos recebeu no domingo, 28, a 3\u00aa edi\u00e7\u00e3o do Festival Nacional de Batuque \u201cTerreiro N\u2019Toni Denti D\u2019Oru\u201d, para celebrar a data. Para as batucadeiras que esteve em conversa com o Expresso das<br \/><a class=\"moretag\" href=\"https:\/\/radiocomercial.cv\/?p=1335\">+ Read More<\/a><\/p>\n","protected":false},"author":2,"featured_media":1336,"comment_status":"open","ping_status":"open","sticky":false,"template":"","format":"standard","meta":{"footnotes":""},"categories":[1],"tags":[],"class_list":["post-1335","post","type-post","status-publish","format-standard","has-post-thumbnail","hentry","category-uncategorized"],"featured_image_src":"https:\/\/radiocomercial.cv\/wp-content\/uploads\/2024\/07\/Batuque.jpg","featured_image_src_square":"https:\/\/radiocomercial.cv\/wp-content\/uploads\/2024\/07\/Batuque.jpg","author_info":{"display_name":"Radio Comercial","author_link":"https:\/\/radiocomercial.cv\/?author=2"},"rbea_author_info":{"display_name":"Radio Comercial","author_link":"https:\/\/radiocomercial.cv\/?author=2"},"rbea_excerpt_info":"Celebra-se hoje, 31 de Julho, Dia Nacional do Batuque, a data foi institu\u00edda no ano de 2021. Este ano, o munic\u00edpio de S\u00e3o Domingos recebeu no domingo, 28, a 3\u00aa edi\u00e7\u00e3o do Festival Nacional de Batuque \u201cTerreiro N\u2019Toni Denti D\u2019Oru\u201d, para celebrar a data. Para as batucadeiras que esteve em conversa com o Expresso das<br><a class=\"moretag\" href=\"https:\/\/radiocomercial.cv\/?p=1335\">+ Read More<\/a>","category_list":"<a href=\"https:\/\/radiocomercial.cv\/?cat=1\" rel=\"category\">Uncategorized<\/a>","comments_num":"0 comments","_links":{"self":[{"href":"https:\/\/radiocomercial.cv\/index.php?rest_route=\/wp\/v2\/posts\/1335","targetHints":{"allow":["GET"]}}],"collection":[{"href":"https:\/\/radiocomercial.cv\/index.php?rest_route=\/wp\/v2\/posts"}],"about":[{"href":"https:\/\/radiocomercial.cv\/index.php?rest_route=\/wp\/v2\/types\/post"}],"author":[{"embeddable":true,"href":"https:\/\/radiocomercial.cv\/index.php?rest_route=\/wp\/v2\/users\/2"}],"replies":[{"embeddable":true,"href":"https:\/\/radiocomercial.cv\/index.php?rest_route=%2Fwp%2Fv2%2Fcomments&post=1335"}],"version-history":[{"count":1,"href":"https:\/\/radiocomercial.cv\/index.php?rest_route=\/wp\/v2\/posts\/1335\/revisions"}],"predecessor-version":[{"id":1337,"href":"https:\/\/radiocomercial.cv\/index.php?rest_route=\/wp\/v2\/posts\/1335\/revisions\/1337"}],"wp:featuredmedia":[{"embeddable":true,"href":"https:\/\/radiocomercial.cv\/index.php?rest_route=\/wp\/v2\/media\/1336"}],"wp:attachment":[{"href":"https:\/\/radiocomercial.cv\/index.php?rest_route=%2Fwp%2Fv2%2Fmedia&parent=1335"}],"wp:term":[{"taxonomy":"category","embeddable":true,"href":"https:\/\/radiocomercial.cv\/index.php?rest_route=%2Fwp%2Fv2%2Fcategories&post=1335"},{"taxonomy":"post_tag","embeddable":true,"href":"https:\/\/radiocomercial.cv\/index.php?rest_route=%2Fwp%2Fv2%2Ftags&post=1335"}],"curies":[{"name":"wp","href":"https:\/\/api.w.org\/{rel}","templated":true}]}}