{"id":1338,"date":"2024-07-31T16:29:41","date_gmt":"2024-07-31T16:29:41","guid":{"rendered":"https:\/\/radiocomercial.cv\/?p=1338"},"modified":"2024-07-31T16:29:42","modified_gmt":"2024-07-31T16:29:42","slug":"nelson-neves-recebera-medalha-de-merito-artistico-na-franca","status":"publish","type":"post","link":"https:\/\/radiocomercial.cv\/?p=1338","title":{"rendered":"\u200bNelson Neves receber\u00e1 medalha de m\u00e9rito art\u00edstico na Fran\u00e7a"},"content":{"rendered":"\n<p><strong>O artista visual Nelson Neves vai receber no dia 6 de Outubro pr\u00f3ximo, na Fran\u00e7a, a medalha de m\u00e9rito art\u00edstico da Sociedade Acad\u00e9mica de Incentivo e Educa\u00e7\u00e3o \u201cArtes-Ci\u00eancias-Letras\u201d.<\/strong><\/p>\n\n\n\n<p>O pr\u00e9mio ser\u00e1 entregue durante a celebra\u00e7\u00e3o anual da organiza\u00e7\u00e3o, que ter\u00e1 lugar na sala de \u00f3pera &#8220;Ravel&#8221; do hotel Intercontinental Paris le Grand, na capital francesa.<\/p>\n\n\n\n<p>Al\u00e9m da medalha de estanho, Nelson Neves receber\u00e1 um diploma num evento que ser\u00e1 seguido de um jantar de gala.<\/p>\n\n\n\n<p>A candidatura do artista, natural de Santo Ant\u00e3o, foi apresentada pela pintora, poetisa e escritora francesa Maria Torrelli.<\/p>\n\n\n\n<p>Nelson Neves trabalha como artista visual h\u00e1 mais de 20 anos e recebeu, entre outras distin\u00e7\u00f5es, o t\u00edtulo de Cavaleiro da Ordem do M\u00e9rito do Gr\u00e3o-Ducado, concedido pelo Gr\u00e3o-Duque Henri em 2021, e o pr\u00e9mio internacional de arte\u201d. I Guerrieri di Riace\u201d em 2017, na It\u00e1lia.<\/p>\n\n\n\n<p>A Sociedade Acad\u00e9mica de Incentivo e Educa\u00e7\u00e3o \u201cArtes-Ci\u00eancias-Letras\u201d foi fundada em 1915 e tem como objectivo reconhecer e promover homens e mulheres que, atrav\u00e9s do seu talento e do seu trabalho, contribuem para o desenvolvimento da cultura nos campos art\u00edstico, liter\u00e1rio e cient\u00edfico.<\/p>\n\n\n\n<p><strong>Fonte: Expresso das ilhas <\/strong><\/p>\n","protected":false},"excerpt":{"rendered":"<p>O artista visual Nelson Neves vai receber no dia 6 de Outubro pr\u00f3ximo, na Fran\u00e7a, a medalha de m\u00e9rito art\u00edstico da Sociedade Acad\u00e9mica de Incentivo e Educa\u00e7\u00e3o \u201cArtes-Ci\u00eancias-Letras\u201d. O pr\u00e9mio ser\u00e1 entregue durante a celebra\u00e7\u00e3o anual da organiza\u00e7\u00e3o, que ter\u00e1 lugar na sala de \u00f3pera &#8220;Ravel&#8221; do hotel Intercontinental Paris le Grand, na capital francesa.<br \/><a class=\"moretag\" href=\"https:\/\/radiocomercial.cv\/?p=1338\">+ Read More<\/a><\/p>\n","protected":false},"author":2,"featured_media":1339,"comment_status":"open","ping_status":"open","sticky":false,"template":"","format":"standard","meta":{"footnotes":""},"categories":[1],"tags":[],"class_list":["post-1338","post","type-post","status-publish","format-standard","has-post-thumbnail","hentry","category-uncategorized"],"featured_image_src":"https:\/\/radiocomercial.cv\/wp-content\/uploads\/2024\/07\/Nelson-Neves-Artista.jpg","featured_image_src_square":"https:\/\/radiocomercial.cv\/wp-content\/uploads\/2024\/07\/Nelson-Neves-Artista.jpg","author_info":{"display_name":"Radio Comercial","author_link":"https:\/\/radiocomercial.cv\/?author=2"},"rbea_author_info":{"display_name":"Radio Comercial","author_link":"https:\/\/radiocomercial.cv\/?author=2"},"rbea_excerpt_info":"O artista visual Nelson Neves vai receber no dia 6 de Outubro pr\u00f3ximo, na Fran\u00e7a, a medalha de m\u00e9rito art\u00edstico da Sociedade Acad\u00e9mica de Incentivo e Educa\u00e7\u00e3o \u201cArtes-Ci\u00eancias-Letras\u201d. O pr\u00e9mio ser\u00e1 entregue durante a celebra\u00e7\u00e3o anual da organiza\u00e7\u00e3o, que ter\u00e1 lugar na sala de \u00f3pera &#8220;Ravel&#8221; do hotel Intercontinental Paris le Grand, na capital francesa.<br><a class=\"moretag\" href=\"https:\/\/radiocomercial.cv\/?p=1338\">+ Read More<\/a>","category_list":"<a href=\"https:\/\/radiocomercial.cv\/?cat=1\" rel=\"category\">Uncategorized<\/a>","comments_num":"0 comments","_links":{"self":[{"href":"https:\/\/radiocomercial.cv\/index.php?rest_route=\/wp\/v2\/posts\/1338","targetHints":{"allow":["GET"]}}],"collection":[{"href":"https:\/\/radiocomercial.cv\/index.php?rest_route=\/wp\/v2\/posts"}],"about":[{"href":"https:\/\/radiocomercial.cv\/index.php?rest_route=\/wp\/v2\/types\/post"}],"author":[{"embeddable":true,"href":"https:\/\/radiocomercial.cv\/index.php?rest_route=\/wp\/v2\/users\/2"}],"replies":[{"embeddable":true,"href":"https:\/\/radiocomercial.cv\/index.php?rest_route=%2Fwp%2Fv2%2Fcomments&post=1338"}],"version-history":[{"count":1,"href":"https:\/\/radiocomercial.cv\/index.php?rest_route=\/wp\/v2\/posts\/1338\/revisions"}],"predecessor-version":[{"id":1340,"href":"https:\/\/radiocomercial.cv\/index.php?rest_route=\/wp\/v2\/posts\/1338\/revisions\/1340"}],"wp:featuredmedia":[{"embeddable":true,"href":"https:\/\/radiocomercial.cv\/index.php?rest_route=\/wp\/v2\/media\/1339"}],"wp:attachment":[{"href":"https:\/\/radiocomercial.cv\/index.php?rest_route=%2Fwp%2Fv2%2Fmedia&parent=1338"}],"wp:term":[{"taxonomy":"category","embeddable":true,"href":"https:\/\/radiocomercial.cv\/index.php?rest_route=%2Fwp%2Fv2%2Fcategories&post=1338"},{"taxonomy":"post_tag","embeddable":true,"href":"https:\/\/radiocomercial.cv\/index.php?rest_route=%2Fwp%2Fv2%2Ftags&post=1338"}],"curies":[{"name":"wp","href":"https:\/\/api.w.org\/{rel}","templated":true}]}}