{"id":1341,"date":"2024-08-02T11:36:27","date_gmt":"2024-08-02T11:36:27","guid":{"rendered":"https:\/\/radiocomercial.cv\/?p=1341"},"modified":"2024-08-02T11:36:27","modified_gmt":"2024-08-02T11:36:27","slug":"miss-cabo-verde-international-2024-e-conhecida-esta-sexta-feira","status":"publish","type":"post","link":"https:\/\/radiocomercial.cv\/?p=1341","title":{"rendered":"Miss Cabo Verde International 2024 \u00e9 conhecida esta sexta-feira"},"content":{"rendered":"\n<p><strong>A Cidade da Praia acolhe esta sexta-feira, 2 de Agosto, a gala Miss Cabo Verde International 2024. O evento vai seleccionar uma candidata para representar Cabo Verde nos palcos internacionais.<\/strong><\/p>\n\n\n\n<p>Este ano, a gala vai acontecer na Assembleia Nacional com o slogan \u201cBeleza com Impacto\u201d, pelo que o foco do evento ser\u00e1 no trabalho social, al\u00e9m de promover a cultura local e mais iniciativas sociais.<\/p>\n\n\n\n<p>A promotora do evento, Nereida Lobo disse numa entrevista ao Expresso das Ilhas que este ano as candidatas v\u00e3o apresentar a plataforma dos Objetivos de Desenvolvimento Sustent\u00e1vel (ODS) para o p\u00fablico.<\/p>\n\n\n\n<p>\u201cAs candidatas v\u00e3o explicar ao p\u00fablico porque que escolheram a plataforma, o que querem fazer para criar mudan\u00e7as no projecto social que escolheram para as suas comunidades\u201d, aponta.<\/p>\n\n\n\n<p>Este ano, conforme explicou, todos os munic\u00edpios estar\u00e3o representados no concurso, independentemente de pertencerem ou n\u00e3o a determinada regi\u00e3o.<\/p>\n\n\n\n<p>\u201cCada candidata vai representar um munic\u00edpio, por exemplo, temos uma candidata de S\u00e3o Vicente, mas que est\u00e1 a representar o munic\u00edpio dos Mosteiros (Fogo). A ideia \u00e9 que tenham conhecimento de diferentes munic\u00edpios\u201d, garante.<\/p>\n\n\n\n<p>Al\u00e9m de representantes de todos os munic\u00edpios, Nereida Lobo anunciou que v\u00e3o apresentar tamb\u00e9m candidatas da di\u00e1spora.<\/p>\n\n\n\n<p>Al\u00e9m da gala, as candidatas estiveram no acampamento durante um m\u00eas, onde tiveram prepara\u00e7\u00e3o de como andar e falar em p\u00fablico. \u201cAs candidatas t\u00eam que aprender como falar em p\u00fablico e tiveram v\u00e1rios workshops para lhes mostrar como andar e um pacote completo, onde v\u00e3o sair deste concurso com muita experi\u00eancia, que vai lhes servir para toda a vida\u201d.<\/p>\n\n\n\n<p>A gala ser\u00e1 uma noite de glamour, talento e emo\u00e7\u00e3o, onde ser\u00e1 coroada a nova rainha que representar\u00e1 Cabo Verde l\u00e1 fora. \u201cEsperamos contar com uma sala cheia, onde vamos n\u00e3o s\u00f3 celebrar a beleza cabo-verdiana, mas tamb\u00e9m a nossa cultura\u201d.<\/p>\n\n\n\n<p>A vencedora levar\u00e1 para casa um milh\u00e3o de escudos cabo-verdianos, ter\u00e1 a oportunidade de representar Cabo Verde na 62\u00aa Edi\u00e7\u00e3o do Miss International, no Jap\u00e3o.<\/p>\n\n\n\n<p>Miss Cabo Verde International \u00e9 uma plataforma de empoderamento feminino, que celebra a diversidade e riqueza cultural de Cabo Verde, promovendo o desenvolvimento pessoal e lideran\u00e7a das suas participantes.\u00a0\u00a0<\/p>\n\n\n\n<p><strong>Fonte: Expresso das ilhas<\/strong><\/p>\n","protected":false},"excerpt":{"rendered":"<p>A Cidade da Praia acolhe esta sexta-feira, 2 de Agosto, a gala Miss Cabo Verde International 2024. O evento vai seleccionar uma candidata para representar Cabo Verde nos palcos internacionais. Este ano, a gala vai acontecer na Assembleia Nacional com o slogan \u201cBeleza com Impacto\u201d, pelo que o foco do evento ser\u00e1 no trabalho social,<br \/><a class=\"moretag\" href=\"https:\/\/radiocomercial.cv\/?p=1341\">+ Read More<\/a><\/p>\n","protected":false},"author":2,"featured_media":1342,"comment_status":"open","ping_status":"open","sticky":false,"template":"","format":"standard","meta":{"footnotes":""},"categories":[1],"tags":[],"class_list":["post-1341","post","type-post","status-publish","format-standard","has-post-thumbnail","hentry","category-uncategorized"],"featured_image_src":"https:\/\/radiocomercial.cv\/wp-content\/uploads\/2024\/08\/Miss-Internacional-Cabo-Verde.jpg","featured_image_src_square":"https:\/\/radiocomercial.cv\/wp-content\/uploads\/2024\/08\/Miss-Internacional-Cabo-Verde.jpg","author_info":{"display_name":"Radio Comercial","author_link":"https:\/\/radiocomercial.cv\/?author=2"},"rbea_author_info":{"display_name":"Radio Comercial","author_link":"https:\/\/radiocomercial.cv\/?author=2"},"rbea_excerpt_info":"A Cidade da Praia acolhe esta sexta-feira, 2 de Agosto, a gala Miss Cabo Verde International 2024. O evento vai seleccionar uma candidata para representar Cabo Verde nos palcos internacionais. Este ano, a gala vai acontecer na Assembleia Nacional com o slogan \u201cBeleza com Impacto\u201d, pelo que o foco do evento ser\u00e1 no trabalho social,<br><a class=\"moretag\" href=\"https:\/\/radiocomercial.cv\/?p=1341\">+ Read More<\/a>","category_list":"<a href=\"https:\/\/radiocomercial.cv\/?cat=1\" rel=\"category\">Uncategorized<\/a>","comments_num":"0 comments","_links":{"self":[{"href":"https:\/\/radiocomercial.cv\/index.php?rest_route=\/wp\/v2\/posts\/1341","targetHints":{"allow":["GET"]}}],"collection":[{"href":"https:\/\/radiocomercial.cv\/index.php?rest_route=\/wp\/v2\/posts"}],"about":[{"href":"https:\/\/radiocomercial.cv\/index.php?rest_route=\/wp\/v2\/types\/post"}],"author":[{"embeddable":true,"href":"https:\/\/radiocomercial.cv\/index.php?rest_route=\/wp\/v2\/users\/2"}],"replies":[{"embeddable":true,"href":"https:\/\/radiocomercial.cv\/index.php?rest_route=%2Fwp%2Fv2%2Fcomments&post=1341"}],"version-history":[{"count":1,"href":"https:\/\/radiocomercial.cv\/index.php?rest_route=\/wp\/v2\/posts\/1341\/revisions"}],"predecessor-version":[{"id":1343,"href":"https:\/\/radiocomercial.cv\/index.php?rest_route=\/wp\/v2\/posts\/1341\/revisions\/1343"}],"wp:featuredmedia":[{"embeddable":true,"href":"https:\/\/radiocomercial.cv\/index.php?rest_route=\/wp\/v2\/media\/1342"}],"wp:attachment":[{"href":"https:\/\/radiocomercial.cv\/index.php?rest_route=%2Fwp%2Fv2%2Fmedia&parent=1341"}],"wp:term":[{"taxonomy":"category","embeddable":true,"href":"https:\/\/radiocomercial.cv\/index.php?rest_route=%2Fwp%2Fv2%2Fcategories&post=1341"},{"taxonomy":"post_tag","embeddable":true,"href":"https:\/\/radiocomercial.cv\/index.php?rest_route=%2Fwp%2Fv2%2Ftags&post=1341"}],"curies":[{"name":"wp","href":"https:\/\/api.w.org\/{rel}","templated":true}]}}