{"id":1415,"date":"2024-08-27T19:26:28","date_gmt":"2024-08-27T19:26:28","guid":{"rendered":"https:\/\/radiocomercial.cv\/?p=1415"},"modified":"2024-08-27T19:26:29","modified_gmt":"2024-08-27T19:26:29","slug":"cesaria-evora-a-diva-dos-pes-descalcos-completaria-83-anos-hoje","status":"publish","type":"post","link":"https:\/\/radiocomercial.cv\/?p=1415","title":{"rendered":"Ces\u00e1ria \u00c9vora a \u201cdiva dos p\u00e9s descal\u00e7os\u201d completaria 83 anos hoje"},"content":{"rendered":"\n<p><strong>A cantora Ces\u00e1ria \u00c9vora, uma das vozes &#8220;mais ic\u00f3nicas&#8221; da m\u00fasica cabo-verdiana, conhecida como a eterna &#8220;diva dos p\u00e9s descal\u00e7os&#8221;, completaria 83 anos hoje.<\/strong><\/p>\n\n\n\n<p>Nascida em 27 de Agosto de 1941, na cidade do Mindelo, na ilha de S\u00e3o Vicente, Ces\u00e1ria come\u00e7ou sua carreira cantando em bares e festas, mas foi somente nos anos 90 que sua voz alcan\u00e7ou o reconhecimento internacional que merecia.<\/p>\n\n\n\n<p>Com seu \u00e1lbum &#8220;Miss Perfumado&#8221;, lan\u00e7ado em 1992, ela se tornou um fen\u00f3meno global, levando a m\u00fasica de Cabo Verde para os palcos mais prestigiados do mundo.<\/p>\n\n\n\n<p>A m\u00fasica de Ces\u00e1ria \u00c9vora n\u00e3o era apenas bela, mas carregava as hist\u00f3rias, emo\u00e7\u00f5es e saudades de seu povo, avan\u00e7a \u00e0 Inforpress.<\/p>\n\n\n\n<p>Com sua voz aveludada e presen\u00e7a marcante, ela encantou audi\u00eancias e conquistou diversos pr\u00e9mios, incluindo um Grammy em 2004.<\/p>\n\n\n\n<p>Em 2022 foi lan\u00e7ado o filme \u201cCes\u00e1ria \u00c9vora\u201d, sobre a \u2018diva dos p\u00e9s descal\u00e7os\u2019, de Ana Sofia Fonseca, e que foi nomeado para v\u00e1rios pr\u00e9mios e venceu alguns como o Pr\u00e9mio do P\u00fablico-Longa Metragem no Cinema IndieLisboa.<\/p>\n\n\n\n<p>Falecida a 17 de Dezembro de 2011, Ces\u00e1ria \u00c9vora conquistou cora\u00e7\u00f5es ao redor do mundo com suas mornas e coladeiras, estilos musicais profundamente enraizados na cultura de Cabo Verde.<\/p>\n\n\n\n<p><\/p>\n","protected":false},"excerpt":{"rendered":"<p>A cantora Ces\u00e1ria \u00c9vora, uma das vozes &#8220;mais ic\u00f3nicas&#8221; da m\u00fasica cabo-verdiana, conhecida como a eterna &#8220;diva dos p\u00e9s descal\u00e7os&#8221;, completaria 83 anos hoje. Nascida em 27 de Agosto de 1941, na cidade do Mindelo, na ilha de S\u00e3o Vicente, Ces\u00e1ria come\u00e7ou sua carreira cantando em bares e festas, mas foi somente nos anos 90<br \/><a class=\"moretag\" href=\"https:\/\/radiocomercial.cv\/?p=1415\">+ Read More<\/a><\/p>\n","protected":false},"author":2,"featured_media":1416,"comment_status":"open","ping_status":"open","sticky":false,"template":"","format":"standard","meta":{"footnotes":""},"categories":[1],"tags":[],"class_list":["post-1415","post","type-post","status-publish","format-standard","has-post-thumbnail","hentry","category-uncategorized"],"featured_image_src":"https:\/\/radiocomercial.cv\/wp-content\/uploads\/2024\/08\/Cesaria-Evora.jpg","featured_image_src_square":"https:\/\/radiocomercial.cv\/wp-content\/uploads\/2024\/08\/Cesaria-Evora.jpg","author_info":{"display_name":"Radio Comercial","author_link":"https:\/\/radiocomercial.cv\/?author=2"},"rbea_author_info":{"display_name":"Radio Comercial","author_link":"https:\/\/radiocomercial.cv\/?author=2"},"rbea_excerpt_info":"A cantora Ces\u00e1ria \u00c9vora, uma das vozes &#8220;mais ic\u00f3nicas&#8221; da m\u00fasica cabo-verdiana, conhecida como a eterna &#8220;diva dos p\u00e9s descal\u00e7os&#8221;, completaria 83 anos hoje. Nascida em 27 de Agosto de 1941, na cidade do Mindelo, na ilha de S\u00e3o Vicente, Ces\u00e1ria come\u00e7ou sua carreira cantando em bares e festas, mas foi somente nos anos 90<br><a class=\"moretag\" href=\"https:\/\/radiocomercial.cv\/?p=1415\">+ Read More<\/a>","category_list":"<a href=\"https:\/\/radiocomercial.cv\/?cat=1\" rel=\"category\">Uncategorized<\/a>","comments_num":"0 comments","_links":{"self":[{"href":"https:\/\/radiocomercial.cv\/index.php?rest_route=\/wp\/v2\/posts\/1415","targetHints":{"allow":["GET"]}}],"collection":[{"href":"https:\/\/radiocomercial.cv\/index.php?rest_route=\/wp\/v2\/posts"}],"about":[{"href":"https:\/\/radiocomercial.cv\/index.php?rest_route=\/wp\/v2\/types\/post"}],"author":[{"embeddable":true,"href":"https:\/\/radiocomercial.cv\/index.php?rest_route=\/wp\/v2\/users\/2"}],"replies":[{"embeddable":true,"href":"https:\/\/radiocomercial.cv\/index.php?rest_route=%2Fwp%2Fv2%2Fcomments&post=1415"}],"version-history":[{"count":1,"href":"https:\/\/radiocomercial.cv\/index.php?rest_route=\/wp\/v2\/posts\/1415\/revisions"}],"predecessor-version":[{"id":1417,"href":"https:\/\/radiocomercial.cv\/index.php?rest_route=\/wp\/v2\/posts\/1415\/revisions\/1417"}],"wp:featuredmedia":[{"embeddable":true,"href":"https:\/\/radiocomercial.cv\/index.php?rest_route=\/wp\/v2\/media\/1416"}],"wp:attachment":[{"href":"https:\/\/radiocomercial.cv\/index.php?rest_route=%2Fwp%2Fv2%2Fmedia&parent=1415"}],"wp:term":[{"taxonomy":"category","embeddable":true,"href":"https:\/\/radiocomercial.cv\/index.php?rest_route=%2Fwp%2Fv2%2Fcategories&post=1415"},{"taxonomy":"post_tag","embeddable":true,"href":"https:\/\/radiocomercial.cv\/index.php?rest_route=%2Fwp%2Fv2%2Ftags&post=1415"}],"curies":[{"name":"wp","href":"https:\/\/api.w.org\/{rel}","templated":true}]}}