{"id":1421,"date":"2024-08-28T16:24:28","date_gmt":"2024-08-28T16:24:28","guid":{"rendered":"https:\/\/radiocomercial.cv\/?p=1421"},"modified":"2024-08-28T16:35:18","modified_gmt":"2024-08-28T16:35:18","slug":"faustine-engelbert-ndugulile-eleito-novo-diretor-regional-da-oms-afro","status":"publish","type":"post","link":"https:\/\/radiocomercial.cv\/?p=1421","title":{"rendered":"Faustine Engelbert Ndugulile eleito novo Diretor Regional da OMS \u00c1frica"},"content":{"rendered":"\n<p><strong>O tanzaniano Faustine Engelbert Ndugulile foi eleito novo Director Regional da OMS \u00c1FRICA. Ndugulile deixou para tr\u00e1s os candidatos do N\u00edger, Ruanda e do Senegal e vai substituir no cargo a Matshidiso Moeti que est\u00e1 \u00e0 frente desta organiza\u00e7\u00e3o desde Fevereiro de 2015. Informa\u00e7\u00e3o partilhada esta quarta-feira, 28, pelo Minist\u00e9rio da Sa\u00fade de Cabo Verde.<\/strong><\/p>\n\n\n\n<p>Faustine Engelbert Ndugulile ser\u00e1 empossado a 1 de Fevereiro de 2025, por um mandato de cinco anos e poder\u00e1 ser reeleito uma vez.<\/p>\n\n\n\n<p>Os Estados-Membros africanos votaram pela nomea\u00e7\u00e3o de Ndugulile durante a 74\u00ba sess\u00e3o do Comit\u00e9 Regional da OMS para \u00c1frica, realizada em Brazzaville, Rep\u00fablica do Congo, de 26 a 30 de Agosto.<\/p>\n\n\n\n<p>No seu discurso, Ndugulile expressou comprometimento com o avan\u00e7o da sa\u00fade das pessoas da regi\u00e3o.&nbsp;\u201cEstou verdadeiramente honrado e humilde por ser eleito para o cargo de Director Regional da OMS para a \u00c1frica. Agrade\u00e7o aos Estados-Membros pela confian\u00e7a demonstrada em mim. Prometo trabalhar com voc\u00eas e acredito que juntos podemos construir uma \u00c1frica mais saud\u00e1vel\u201d.<\/p>\n\n\n\n<p>Na sua interven\u00e7\u00e3o, a Ministra da Sa\u00fade de Cabo Verde, Filomena Gon\u00e7alves, felicitou o candidato vitorioso, parabenizou os outros candidatos e considerou que o processo eleitoral decorreu de forma exemplar.<\/p>\n\n\n\n<p>Filomena Gon\u00e7alves exortou o pr\u00f3ximo Diretor Regional a trabalhar mantendo o combate \u00e0 mal\u00e1ria como prioridade, pois continua a ser uma grande amea\u00e7a para muitos pa\u00edses africanos e pediu que a OMS \u00c1FRICA tamb\u00e9m d\u00ea uma aten\u00e7\u00e3o especial para a sa\u00fade mental, integrando-a nos cuidados prim\u00e1rios de sa\u00fade.\u00a0<\/p>\n\n\n\n<p><strong>Fonte: Expresso das Ilhas <\/strong><\/p>\n","protected":false},"excerpt":{"rendered":"<p>O tanzaniano Faustine Engelbert Ndugulile foi eleito novo Director Regional da OMS \u00c1FRICA. Ndugulile deixou para tr\u00e1s os candidatos do N\u00edger, Ruanda e do Senegal e vai substituir no cargo a Matshidiso Moeti que est\u00e1 \u00e0 frente desta organiza\u00e7\u00e3o desde Fevereiro de 2015. Informa\u00e7\u00e3o partilhada esta quarta-feira, 28, pelo Minist\u00e9rio da Sa\u00fade de Cabo Verde.<br \/><a class=\"moretag\" href=\"https:\/\/radiocomercial.cv\/?p=1421\">+ Read More<\/a><\/p>\n","protected":false},"author":2,"featured_media":1422,"comment_status":"open","ping_status":"open","sticky":false,"template":"","format":"standard","meta":{"footnotes":""},"categories":[1],"tags":[],"class_list":["post-1421","post","type-post","status-publish","format-standard","has-post-thumbnail","hentry","category-uncategorized"],"featured_image_src":"https:\/\/radiocomercial.cv\/wp-content\/uploads\/2024\/08\/\u200bFaustine-Engelbert-Ndugulile-OMS-AFRO.jpg","featured_image_src_square":"https:\/\/radiocomercial.cv\/wp-content\/uploads\/2024\/08\/\u200bFaustine-Engelbert-Ndugulile-OMS-AFRO.jpg","author_info":{"display_name":"Radio Comercial","author_link":"https:\/\/radiocomercial.cv\/?author=2"},"rbea_author_info":{"display_name":"Radio Comercial","author_link":"https:\/\/radiocomercial.cv\/?author=2"},"rbea_excerpt_info":"O tanzaniano Faustine Engelbert Ndugulile foi eleito novo Director Regional da OMS \u00c1FRICA. Ndugulile deixou para tr\u00e1s os candidatos do N\u00edger, Ruanda e do Senegal e vai substituir no cargo a Matshidiso Moeti que est\u00e1 \u00e0 frente desta organiza\u00e7\u00e3o desde Fevereiro de 2015. Informa\u00e7\u00e3o partilhada esta quarta-feira, 28, pelo Minist\u00e9rio da Sa\u00fade de Cabo Verde.<br><a class=\"moretag\" href=\"https:\/\/radiocomercial.cv\/?p=1421\">+ Read More<\/a>","category_list":"<a href=\"https:\/\/radiocomercial.cv\/?cat=1\" rel=\"category\">Uncategorized<\/a>","comments_num":"0 comments","_links":{"self":[{"href":"https:\/\/radiocomercial.cv\/index.php?rest_route=\/wp\/v2\/posts\/1421","targetHints":{"allow":["GET"]}}],"collection":[{"href":"https:\/\/radiocomercial.cv\/index.php?rest_route=\/wp\/v2\/posts"}],"about":[{"href":"https:\/\/radiocomercial.cv\/index.php?rest_route=\/wp\/v2\/types\/post"}],"author":[{"embeddable":true,"href":"https:\/\/radiocomercial.cv\/index.php?rest_route=\/wp\/v2\/users\/2"}],"replies":[{"embeddable":true,"href":"https:\/\/radiocomercial.cv\/index.php?rest_route=%2Fwp%2Fv2%2Fcomments&post=1421"}],"version-history":[{"count":2,"href":"https:\/\/radiocomercial.cv\/index.php?rest_route=\/wp\/v2\/posts\/1421\/revisions"}],"predecessor-version":[{"id":1425,"href":"https:\/\/radiocomercial.cv\/index.php?rest_route=\/wp\/v2\/posts\/1421\/revisions\/1425"}],"wp:featuredmedia":[{"embeddable":true,"href":"https:\/\/radiocomercial.cv\/index.php?rest_route=\/wp\/v2\/media\/1422"}],"wp:attachment":[{"href":"https:\/\/radiocomercial.cv\/index.php?rest_route=%2Fwp%2Fv2%2Fmedia&parent=1421"}],"wp:term":[{"taxonomy":"category","embeddable":true,"href":"https:\/\/radiocomercial.cv\/index.php?rest_route=%2Fwp%2Fv2%2Fcategories&post=1421"},{"taxonomy":"post_tag","embeddable":true,"href":"https:\/\/radiocomercial.cv\/index.php?rest_route=%2Fwp%2Fv2%2Ftags&post=1421"}],"curies":[{"name":"wp","href":"https:\/\/api.w.org\/{rel}","templated":true}]}}