{"id":1429,"date":"2024-08-30T12:06:41","date_gmt":"2024-08-30T12:06:41","guid":{"rendered":"https:\/\/radiocomercial.cv\/?p=1429"},"modified":"2024-09-12T18:48:56","modified_gmt":"2024-09-12T18:48:56","slug":"praia-recebe-festival-gastronomico-cultural-este-fim-de-semana-em-quebra-canela","status":"publish","type":"post","link":"https:\/\/radiocomercial.cv\/?p=1429","title":{"rendered":"Praia recebe Festival \u201cgastron\u00f3mico, cultural\u201d este fim-de-semana em Quebra Canela"},"content":{"rendered":"\n<p><strong>A primeira edi\u00e7\u00e3o do festival de ver\u00e3o \u201cgastron\u00f3mico, cultural\u201d acontece este s\u00e1bado, 31 e domingo, 01 em Quebra Canela, na Cidade da Praia, com a participa\u00e7\u00e3o de artistas nacionais.<\/strong><\/p>\n\n\n\n<p>\u00c0 Inforpress, o organizador deste evento, Zeca Barros, explicou que este festival tem como objectivo proporcionar aos mun\u00edcipes praienses uma experi\u00eancia gastron\u00f3mica, cultural e de entretenimento diferente e al\u00e9m disso gerar a economia local.<\/p>\n\n\n\n<p>A mesma fonte fez saber que toda a seguran\u00e7a e os preparativos para o arranque deste festival j\u00e1 est\u00e3o prontos, desde a montagem da estrutura \u00e0 programa\u00e7\u00e3o dos artistas.<\/p>\n\n\n\n<p>Neste sentido apelou \u00e0 participa\u00e7\u00e3o de todos para fechar o ver\u00e3o 2024 com muita divers\u00e3o.<\/p>\n\n\n\n<p>Este evento, que decorre sob o lema \u201cfestival de ver\u00e3o Quebra Canela onde a m\u00fasica, gastronomia e divers\u00e3o se encontram\u201d tem o custo dos bilhetes a partir de 500, 800, 1.000 e 5.000 escudos.<\/p>\n\n\n\n<p>Para actuar neste festival foram convidados v\u00e1rios artistas e grupos como Kino Cabral, Djony Do Cavaco, Tikai, Felix Lopes, Ivan Medina, M\u00e1rio Rui Gamb\u00f4a, Bensu e Banda, Tchul e Banda, com in\u00edcio a partir das 16:00.<\/p>\n\n\n\n<p>Este evento vai contar tamb\u00e9m com a anima\u00e7\u00e3o de DJ Kriolo, e actua\u00e7\u00e3o de Linda Chantre e Banda, Taylor Weedais, Batucadeiras Delta Ramantxadas, Nh\u00f4 Nani e Banda, Zerui Depina e DJ Axel.<\/p>\n","protected":false},"excerpt":{"rendered":"<p>A primeira edi\u00e7\u00e3o do festival de ver\u00e3o \u201cgastron\u00f3mico, cultural\u201d acontece este s\u00e1bado, 31 e domingo, 01 em Quebra Canela, na Cidade da Praia, com a participa\u00e7\u00e3o de artistas nacionais. \u00c0 Inforpress, o organizador deste evento, Zeca Barros, explicou que este festival tem como objectivo proporcionar aos mun\u00edcipes praienses uma experi\u00eancia gastron\u00f3mica, cultural e de entretenimento<br \/><a class=\"moretag\" href=\"https:\/\/radiocomercial.cv\/?p=1429\">+ Read More<\/a><\/p>\n","protected":false},"author":2,"featured_media":1430,"comment_status":"open","ping_status":"open","sticky":false,"template":"","format":"standard","meta":{"footnotes":""},"categories":[6],"tags":[],"class_list":["post-1429","post","type-post","status-publish","format-standard","has-post-thumbnail","hentry","category-noticias"],"featured_image_src":"https:\/\/radiocomercial.cv\/wp-content\/uploads\/2024\/08\/festival-gastronomico-Kebra-Kabana-Praia.jpg","featured_image_src_square":"https:\/\/radiocomercial.cv\/wp-content\/uploads\/2024\/08\/festival-gastronomico-Kebra-Kabana-Praia.jpg","author_info":{"display_name":"Radio Comercial","author_link":"https:\/\/radiocomercial.cv\/?author=2"},"rbea_author_info":{"display_name":"Radio Comercial","author_link":"https:\/\/radiocomercial.cv\/?author=2"},"rbea_excerpt_info":"A primeira edi\u00e7\u00e3o do festival de ver\u00e3o \u201cgastron\u00f3mico, cultural\u201d acontece este s\u00e1bado, 31 e domingo, 01 em Quebra Canela, na Cidade da Praia, com a participa\u00e7\u00e3o de artistas nacionais. \u00c0 Inforpress, o organizador deste evento, Zeca Barros, explicou que este festival tem como objectivo proporcionar aos mun\u00edcipes praienses uma experi\u00eancia gastron\u00f3mica, cultural e de entretenimento<br><a class=\"moretag\" href=\"https:\/\/radiocomercial.cv\/?p=1429\">+ Read More<\/a>","category_list":"<a href=\"https:\/\/radiocomercial.cv\/?cat=6\" rel=\"category\">Noticias<\/a>","comments_num":"0 comments","_links":{"self":[{"href":"https:\/\/radiocomercial.cv\/index.php?rest_route=\/wp\/v2\/posts\/1429","targetHints":{"allow":["GET"]}}],"collection":[{"href":"https:\/\/radiocomercial.cv\/index.php?rest_route=\/wp\/v2\/posts"}],"about":[{"href":"https:\/\/radiocomercial.cv\/index.php?rest_route=\/wp\/v2\/types\/post"}],"author":[{"embeddable":true,"href":"https:\/\/radiocomercial.cv\/index.php?rest_route=\/wp\/v2\/users\/2"}],"replies":[{"embeddable":true,"href":"https:\/\/radiocomercial.cv\/index.php?rest_route=%2Fwp%2Fv2%2Fcomments&post=1429"}],"version-history":[{"count":1,"href":"https:\/\/radiocomercial.cv\/index.php?rest_route=\/wp\/v2\/posts\/1429\/revisions"}],"predecessor-version":[{"id":1431,"href":"https:\/\/radiocomercial.cv\/index.php?rest_route=\/wp\/v2\/posts\/1429\/revisions\/1431"}],"wp:featuredmedia":[{"embeddable":true,"href":"https:\/\/radiocomercial.cv\/index.php?rest_route=\/wp\/v2\/media\/1430"}],"wp:attachment":[{"href":"https:\/\/radiocomercial.cv\/index.php?rest_route=%2Fwp%2Fv2%2Fmedia&parent=1429"}],"wp:term":[{"taxonomy":"category","embeddable":true,"href":"https:\/\/radiocomercial.cv\/index.php?rest_route=%2Fwp%2Fv2%2Fcategories&post=1429"},{"taxonomy":"post_tag","embeddable":true,"href":"https:\/\/radiocomercial.cv\/index.php?rest_route=%2Fwp%2Fv2%2Ftags&post=1429"}],"curies":[{"name":"wp","href":"https:\/\/api.w.org\/{rel}","templated":true}]}}