{"id":1432,"date":"2024-08-30T16:53:56","date_gmt":"2024-08-30T16:53:56","guid":{"rendered":"https:\/\/radiocomercial.cv\/?p=1432"},"modified":"2024-09-12T18:47:22","modified_gmt":"2024-09-12T18:47:22","slug":"projectopraia-kanta-batuku-lancado-este-sabado-na-praia","status":"publish","type":"post","link":"https:\/\/radiocomercial.cv\/?p=1432","title":{"rendered":"Projecto\u201cPraia Kanta Batuku\u201d lan\u00e7ado este s\u00e1bado na Praia"},"content":{"rendered":"\n<p><strong>A cidade da Praia acolhe este s\u00e1bado, 31, o lan\u00e7amento do projecto \u201cPraia Kanta Batuku\u201d da Funda\u00e7\u00e3o Batuku CV. O projecto \u00e9 uma compila\u00e7\u00e3o de m\u00fasica de cinco grupos de batuque da cidade da Praia, onde surgiu um CD e DVD.<\/strong><\/p>\n\n\n\n<p>Participam neste projectos os grupos Mondon de Eug\u00e9nio Lima, Buli Ladera de Paiol, Nova Alegria de Calabaceira, Flor de Rabenta de S\u00e3o Pedro e Espa\u00e7o Aberto de Safende.<\/p>\n\n\n\n<p>Segundo o presidente da Funda\u00e7\u00e3o Batuku CV, Bob Mascarenhas, o projecto teve in\u00edcio em 2016. \u201cPrimeiro fizemos na Calheta de S\u00e3o Miguel com 11 grupos, juntamente com a c\u00e2mara municipal, depois fizemos na Assomada com 16 grupos tamb\u00e9m com a c\u00e2mara municipal\u201d.<\/p>\n\n\n\n<p>Depois a Funda\u00e7\u00e3o veio para a cidade da Praia trabalhar com cinco grupos. \u201c\u00c9 um projecto que abrange todas as c\u00e2maras municipais do pa\u00eds\u201d.<\/p>\n\n\n\n<p>Bob Mascarenhas explica que est\u00e1 e primeira edi\u00e7\u00e3o e que o objetivo do projeto e de promover o batuco e as batucadeiras. \u201cEsta \u00e9 a primeira edi\u00e7\u00e3o, depois acontece a segunda edi\u00e7\u00e3o, para abranger os outros grupos\u201d.<\/p>\n\n\n\n<p>O lan\u00e7amento ser\u00e1 no Pavilh\u00e3o do Bairro Craveiro Lopes, \u00e0s 16h00.&nbsp;Conforme&nbsp;Bob Mascarenhas, o lan\u00e7amento ser\u00e1 em grande, e contar\u00e1 com a participa\u00e7\u00e3o dos grupos de batuque da Praia, que participaram no projecto.<\/p>\n\n\n\n<p>\u201c\u00c9 uma compila\u00e7\u00e3o em que cada grupo colocou uma m\u00fasica, e desta vez fizemos com cinco grupos, porque quando come\u00e7amos o projecto s\u00f3 cinco grupos estavam activo\u201d, afirma.&nbsp;<\/p>\n\n\n\n<p><strong>Fonte: Expresso das ilhas <\/strong><\/p>\n\n\n\n<p><\/p>\n","protected":false},"excerpt":{"rendered":"<p>A cidade da Praia acolhe este s\u00e1bado, 31, o lan\u00e7amento do projecto \u201cPraia Kanta Batuku\u201d da Funda\u00e7\u00e3o Batuku CV. O projecto \u00e9 uma compila\u00e7\u00e3o de m\u00fasica de cinco grupos de batuque da cidade da Praia, onde surgiu um CD e DVD. Participam neste projectos os grupos Mondon de Eug\u00e9nio Lima, Buli Ladera de Paiol, Nova<br \/><a class=\"moretag\" href=\"https:\/\/radiocomercial.cv\/?p=1432\">+ Read More<\/a><\/p>\n","protected":false},"author":2,"featured_media":1433,"comment_status":"open","ping_status":"open","sticky":false,"template":"","format":"standard","meta":{"footnotes":""},"categories":[6],"tags":[],"class_list":["post-1432","post","type-post","status-publish","format-standard","has-post-thumbnail","hentry","category-noticias"],"featured_image_src":"https:\/\/radiocomercial.cv\/wp-content\/uploads\/2024\/08\/projecto-Praia-Kanta-Batuku.jpg","featured_image_src_square":"https:\/\/radiocomercial.cv\/wp-content\/uploads\/2024\/08\/projecto-Praia-Kanta-Batuku.jpg","author_info":{"display_name":"Radio Comercial","author_link":"https:\/\/radiocomercial.cv\/?author=2"},"rbea_author_info":{"display_name":"Radio Comercial","author_link":"https:\/\/radiocomercial.cv\/?author=2"},"rbea_excerpt_info":"A cidade da Praia acolhe este s\u00e1bado, 31, o lan\u00e7amento do projecto \u201cPraia Kanta Batuku\u201d da Funda\u00e7\u00e3o Batuku CV. O projecto \u00e9 uma compila\u00e7\u00e3o de m\u00fasica de cinco grupos de batuque da cidade da Praia, onde surgiu um CD e DVD. Participam neste projectos os grupos Mondon de Eug\u00e9nio Lima, Buli Ladera de Paiol, Nova<br><a class=\"moretag\" href=\"https:\/\/radiocomercial.cv\/?p=1432\">+ Read More<\/a>","category_list":"<a href=\"https:\/\/radiocomercial.cv\/?cat=6\" rel=\"category\">Noticias<\/a>","comments_num":"0 comments","_links":{"self":[{"href":"https:\/\/radiocomercial.cv\/index.php?rest_route=\/wp\/v2\/posts\/1432","targetHints":{"allow":["GET"]}}],"collection":[{"href":"https:\/\/radiocomercial.cv\/index.php?rest_route=\/wp\/v2\/posts"}],"about":[{"href":"https:\/\/radiocomercial.cv\/index.php?rest_route=\/wp\/v2\/types\/post"}],"author":[{"embeddable":true,"href":"https:\/\/radiocomercial.cv\/index.php?rest_route=\/wp\/v2\/users\/2"}],"replies":[{"embeddable":true,"href":"https:\/\/radiocomercial.cv\/index.php?rest_route=%2Fwp%2Fv2%2Fcomments&post=1432"}],"version-history":[{"count":1,"href":"https:\/\/radiocomercial.cv\/index.php?rest_route=\/wp\/v2\/posts\/1432\/revisions"}],"predecessor-version":[{"id":1434,"href":"https:\/\/radiocomercial.cv\/index.php?rest_route=\/wp\/v2\/posts\/1432\/revisions\/1434"}],"wp:featuredmedia":[{"embeddable":true,"href":"https:\/\/radiocomercial.cv\/index.php?rest_route=\/wp\/v2\/media\/1433"}],"wp:attachment":[{"href":"https:\/\/radiocomercial.cv\/index.php?rest_route=%2Fwp%2Fv2%2Fmedia&parent=1432"}],"wp:term":[{"taxonomy":"category","embeddable":true,"href":"https:\/\/radiocomercial.cv\/index.php?rest_route=%2Fwp%2Fv2%2Fcategories&post=1432"},{"taxonomy":"post_tag","embeddable":true,"href":"https:\/\/radiocomercial.cv\/index.php?rest_route=%2Fwp%2Fv2%2Ftags&post=1432"}],"curies":[{"name":"wp","href":"https:\/\/api.w.org\/{rel}","templated":true}]}}