{"id":1443,"date":"2024-09-05T11:53:44","date_gmt":"2024-09-05T11:53:44","guid":{"rendered":"https:\/\/radiocomercial.cv\/?p=1443"},"modified":"2024-09-12T18:44:18","modified_gmt":"2024-09-12T18:44:18","slug":"cv-telecom-e-banco-europeu-de-investimento-assinam-contrato-de-financiamento-no-valor-de-37-milhoes-de-euros","status":"publish","type":"post","link":"https:\/\/radiocomercial.cv\/?p=1443","title":{"rendered":"CV Telecom e Banco Europeu de Investimento assinam contrato de financiamento no valor de 37 milh\u00f5es de euros"},"content":{"rendered":"\n<p><strong>A empresa Cabo Verde Telecom e o Banco Europeu de Investimento assinaram, 04 de Setembro, na Praia, um contrato de financiamento no valor de 37 milh\u00f5es de euros, para projectos de substitui\u00e7\u00e3o de cabos submarinos inter-ilhas e refor\u00e7o da conectividade internacional.<\/strong><\/p>\n\n\n\n<p>O presidente do conselho de administra\u00e7\u00e3o da CV Telecom, Jo\u00e3o Domingos Correia, avan\u00e7ou \u00e0 imprensa, minutos antes de assinar o documento numa unidade hoteleira da Praia, que o financiamento abrange ainda o refor\u00e7o dos sistemas de informa\u00e7\u00e3o da empresa e que analisam a hip\u00f3tese do lan\u00e7amento da rede m\u00f3vel 5G.<\/p>\n\n\n\n<p>Segundo este respons\u00e1vel, trata-se de um financiamento para investimentos estrat\u00e9gicos no sector da economia digital, designadamente nos cabos submarinos interilhas, bem como no refor\u00e7o da conectividade internacional.<\/p>\n\n\n\n<p>\u201cEsses projectos s\u00e3o projectos que v\u00e3o alavancar a cobertura da rede de telecomunica\u00e7\u00f5es em Cabo Verde e criar as condi\u00e7\u00f5es sobretudo para o hub internacional. Quando falamos do hub internacional estamos a pensar que este \u00e9 o passo que necessariamente teremos que dar para compensar a escala da economia nacional\u201d, real\u00e7ou.<\/p>\n\n\n\n<p>Os consumidores, garantiu, al\u00e9m de usufruir de um servi\u00e7o de melhor qualidade, v\u00e3o contar com a baixa de pre\u00e7os dos servi\u00e7os de internet em Cabo Verde.<\/p>\n\n\n\n<p>\u201cEstamos a falar de um investimento que est\u00e1 a ser negociado e financiado neste momento, n\u00f3s vamos concluir no espa\u00e7o de tr\u00eas anos, mas vamos saber isto junto com o regulador no sentido de ter alguns ganhos para os consumidores a curto prazo\u201d, explicou, reiterando que como operador principal do mercado est\u00e1-se a cumprir certas normas.<\/p>\n\n\n\n<p>O vice-presidente do Banco Europeu de Investimento (BEI), Ambroise Fayolle, disse na sua interven\u00e7\u00e3o que este financiamento faz parte dos sucessivos investimentos realizados no Pa\u00eds.<\/p>\n\n\n\n<p>Segundo Ambroise Fayolle, este financiamento vai facilitar o investimento na melhoria da rede de internet, o que traduz num acto importante em parceria com a empresa.<\/p>\n\n\n\n<p>Por seu lado, o vice-primeiro-ministro e ministro das Finan\u00e7as e do Fomento Empresarial, Olavo Correia, salientou que se tratar de um \u201cacto hist\u00f3rico\u201d, porque al\u00e9m do envelope financeiro, o contrato espelha o compromisso da Uni\u00e3o Europeia com a vis\u00e3o em rela\u00e7\u00e3o ao futuro de Cabo Verde.<\/p>\n\n\n\n<p>\u201cEstamos a falar de tr\u00eas \u00e1reas fundamentais: a ac\u00e7\u00e3o clim\u00e1tica, a economia azul e transi\u00e7\u00e3o digital. S\u00e3o \u00e1reas do futuro e fundamentais para que Cabo Verde possa, nos pr\u00f3ximos tempos, duplicar o seu crescimento e criar empregos e oportunidade para os jovens e mulheres\u201d, disse, real\u00e7ando o impacto na vida das pessoas.<\/p>\n\n\n\n<p>\u201cPelo envelope financeiro, pelo prop\u00f3sito que est\u00e1 por tr\u00e1s deste envelope, e pelos impactos que queremos esperar destes projectos, penso que estamos em presen\u00e7a de um acordo hist\u00f3rico jamais assinado entre Cabo Verde, a Uni\u00e3o Europeia e o Banco Europeu de Investimentos\u201d, acrescentou.<\/p>\n\n\n\n<p><strong>Fonte: Inforpress.<\/strong><\/p>\n","protected":false},"excerpt":{"rendered":"<p>A empresa Cabo Verde Telecom e o Banco Europeu de Investimento assinaram, 04 de Setembro, na Praia, um contrato de financiamento no valor de 37 milh\u00f5es de euros, para projectos de substitui\u00e7\u00e3o de cabos submarinos inter-ilhas e refor\u00e7o da conectividade internacional. O presidente do conselho de administra\u00e7\u00e3o da CV Telecom, Jo\u00e3o Domingos Correia, avan\u00e7ou \u00e0<br \/><a class=\"moretag\" href=\"https:\/\/radiocomercial.cv\/?p=1443\">+ Read More<\/a><\/p>\n","protected":false},"author":2,"featured_media":1444,"comment_status":"open","ping_status":"open","sticky":false,"template":"","format":"standard","meta":{"footnotes":""},"categories":[6],"tags":[],"class_list":["post-1443","post","type-post","status-publish","format-standard","has-post-thumbnail","hentry","category-noticias"],"featured_image_src":"https:\/\/radiocomercial.cv\/wp-content\/uploads\/2024\/09\/Assinatura-do-contrato-Banco-Europeu-de-Investimento-e-CVmovel.jpg","featured_image_src_square":"https:\/\/radiocomercial.cv\/wp-content\/uploads\/2024\/09\/Assinatura-do-contrato-Banco-Europeu-de-Investimento-e-CVmovel.jpg","author_info":{"display_name":"Radio Comercial","author_link":"https:\/\/radiocomercial.cv\/?author=2"},"rbea_author_info":{"display_name":"Radio Comercial","author_link":"https:\/\/radiocomercial.cv\/?author=2"},"rbea_excerpt_info":"A empresa Cabo Verde Telecom e o Banco Europeu de Investimento assinaram, 04 de Setembro, na Praia, um contrato de financiamento no valor de 37 milh\u00f5es de euros, para projectos de substitui\u00e7\u00e3o de cabos submarinos inter-ilhas e refor\u00e7o da conectividade internacional. O presidente do conselho de administra\u00e7\u00e3o da CV Telecom, Jo\u00e3o Domingos Correia, avan\u00e7ou \u00e0<br><a class=\"moretag\" href=\"https:\/\/radiocomercial.cv\/?p=1443\">+ Read More<\/a>","category_list":"<a href=\"https:\/\/radiocomercial.cv\/?cat=6\" rel=\"category\">Noticias<\/a>","comments_num":"0 comments","_links":{"self":[{"href":"https:\/\/radiocomercial.cv\/index.php?rest_route=\/wp\/v2\/posts\/1443","targetHints":{"allow":["GET"]}}],"collection":[{"href":"https:\/\/radiocomercial.cv\/index.php?rest_route=\/wp\/v2\/posts"}],"about":[{"href":"https:\/\/radiocomercial.cv\/index.php?rest_route=\/wp\/v2\/types\/post"}],"author":[{"embeddable":true,"href":"https:\/\/radiocomercial.cv\/index.php?rest_route=\/wp\/v2\/users\/2"}],"replies":[{"embeddable":true,"href":"https:\/\/radiocomercial.cv\/index.php?rest_route=%2Fwp%2Fv2%2Fcomments&post=1443"}],"version-history":[{"count":1,"href":"https:\/\/radiocomercial.cv\/index.php?rest_route=\/wp\/v2\/posts\/1443\/revisions"}],"predecessor-version":[{"id":1445,"href":"https:\/\/radiocomercial.cv\/index.php?rest_route=\/wp\/v2\/posts\/1443\/revisions\/1445"}],"wp:featuredmedia":[{"embeddable":true,"href":"https:\/\/radiocomercial.cv\/index.php?rest_route=\/wp\/v2\/media\/1444"}],"wp:attachment":[{"href":"https:\/\/radiocomercial.cv\/index.php?rest_route=%2Fwp%2Fv2%2Fmedia&parent=1443"}],"wp:term":[{"taxonomy":"category","embeddable":true,"href":"https:\/\/radiocomercial.cv\/index.php?rest_route=%2Fwp%2Fv2%2Fcategories&post=1443"},{"taxonomy":"post_tag","embeddable":true,"href":"https:\/\/radiocomercial.cv\/index.php?rest_route=%2Fwp%2Fv2%2Ftags&post=1443"}],"curies":[{"name":"wp","href":"https:\/\/api.w.org\/{rel}","templated":true}]}}