{"id":1449,"date":"2024-09-09T13:43:30","date_gmt":"2024-09-09T13:43:30","guid":{"rendered":"https:\/\/radiocomercial.cv\/?p=1449"},"modified":"2024-09-12T18:42:49","modified_gmt":"2024-09-12T18:42:49","slug":"chris-borges-apresenta-exposicao-gotas-de-vida-na-ilha-do-sal","status":"publish","type":"post","link":"https:\/\/radiocomercial.cv\/?p=1449","title":{"rendered":"Chris Borges apresenta exposi\u00e7\u00e3o \u201cGotas de Vida\u201d na ilha do Sal"},"content":{"rendered":"\n<p><strong>A fot\u00f3grafa cabo-verdiana Chris Borges apresenta no s\u00e1bado, 7, na ilha do Sal, a exposi\u00e7\u00e3o \u201cGotas de Vida\u201d. A exposi\u00e7\u00e3o ficar\u00e1 patente ao p\u00fablico na Kasa d\u2019Arti, em Santa Maria, at\u00e9 13 deste m\u00eas.<\/strong><\/p>\n\n\n\n<p>\u201cGotas de Vida\u201d, segundo a fot\u00f3grafa, faz parte da ramifica\u00e7\u00e3o do projecto fotogr\u00e1fico \u201cMumtobe Photography\u201d que nasceu em Agosto de 2021, atrav\u00e9s da convic\u00e7\u00e3o de que a maternidade \u00e9 um assunto que transcende o \u00e2mbito feminino, por ser um pilar essencial para o desenvolvimento sustent\u00e1vel da sociedade.<\/p>\n\n\n\n<p>Este projecto visa trazer \u00e0 tona os desafios enfrentados pelas m\u00e3es, promovendo discuss\u00f5es saud\u00e1veis, de forma a envolver toda a comunidade nesta jornada diz Chris Borges ao Expresso das Ilhas.<\/p>\n\n\n\n<p>O projecto tem como ambi\u00e7\u00e3o expor anualmente, a n\u00edvel nacional retratos da maternidade e da parentalidade. Com a ambi\u00e7\u00e3o de expor na di\u00e1spora cabo-verdiana.<\/p>\n\n\n\n<p>Chris Borges lembrou que na Cidade da Praia, j\u00e1 realizou tr\u00eas exposi\u00e7\u00f5es, sendo que em 2022 deu voz ao tema&nbsp;<em>O outro lado da maternidade<\/em>. \u201cCada imagem exposta foi uma narrativa, tecida com fios de amor, dor e aus\u00eancia que revelam as dores invis\u00edveis enfrentadas pelas m\u00e3es, no p\u00f3s-parto e durante o puerp\u00e9rio\u201d.<\/p>\n\n\n\n<p>Em Maio deste ano, \u201cGotas de Vida\u201d foi apresentada na Praia e em S\u00e3o Vicente e agora ser\u00e1 a vez da ilha do Sal apreciar esta exposi\u00e7\u00e3o.<\/p>\n\n\n\n<p>A exposi\u00e7\u00e3o conta com a parceria da Campanha Maio Furta-cor e Easy2impact e com o patroc\u00ednio de Minist\u00e9rio da Sa\u00fade, Minist\u00e9rio da Cultura e Ind\u00fastrias Criativas, da C\u00e2mara Municipal do Sal, UNICEF, Sigui Sabura, Atelier Pimentel, SKT Design e a Cabo Verde Telecom.<\/p>\n\n\n\n<p>Natural da Cidade da Praia, Chris Borges mostrou o seu gosto pela fotografia desde a inf\u00e2ncia, tendo a fotografia entrado na sua vida por mera curiosidade em ter imagens registadas e eternizar momentos. Come\u00e7ou a fotografar desde a adolesc\u00eancia. O registo materno fez sentido na sua vida ap\u00f3s se tornar m\u00e3e em 2021.<\/p>\n\n\n\n<p>Conforme disse, o interesse e a sensibilidade em conjugar a maternidade com a fotografia com o intuito de mostrar o lado n\u00e3o rom\u00e2ntico da maternidade. \u201cAtrav\u00e9s das fotografias intimistas, novas ideias surgem com o intuito de dar voz \u00e0s m\u00e3es, aos desafios di\u00e1rios que a maternidade exige, o acto de cuidar e acima de tudo, mostrar os la\u00e7os inexplic\u00e1veis na conex\u00e3o m\u00e3e\/filho e valorizar a co-responsabilidade parental\u201d.<\/p>\n\n\n\n<p>Atrav\u00e9s desta perspectiva \u00edntima, o projecto tamb\u00e9m celebrou a paternidade respons\u00e1vel, atrav\u00e9s da segunda exposi\u00e7\u00e3o fotogr\u00e1fica, em 2023, intitulada \u201cParentalidade, um amor em constru\u00e7\u00e3o\u201d, enfatizando o papel crucial do pai no cuidado e no apoio \u00e0s m\u00e3es nesse per\u00edodo de transi\u00e7\u00e3o e transforma\u00e7\u00e3o.<\/p>\n","protected":false},"excerpt":{"rendered":"<p>A fot\u00f3grafa cabo-verdiana Chris Borges apresenta no s\u00e1bado, 7, na ilha do Sal, a exposi\u00e7\u00e3o \u201cGotas de Vida\u201d. A exposi\u00e7\u00e3o ficar\u00e1 patente ao p\u00fablico na Kasa d\u2019Arti, em Santa Maria, at\u00e9 13 deste m\u00eas. \u201cGotas de Vida\u201d, segundo a fot\u00f3grafa, faz parte da ramifica\u00e7\u00e3o do projecto fotogr\u00e1fico \u201cMumtobe Photography\u201d que nasceu em Agosto de 2021,<br \/><a class=\"moretag\" href=\"https:\/\/radiocomercial.cv\/?p=1449\">+ Read More<\/a><\/p>\n","protected":false},"author":2,"featured_media":1450,"comment_status":"open","ping_status":"open","sticky":false,"template":"","format":"standard","meta":{"footnotes":""},"categories":[6],"tags":[],"class_list":["post-1449","post","type-post","status-publish","format-standard","has-post-thumbnail","hentry","category-noticias"],"featured_image_src":"https:\/\/radiocomercial.cv\/wp-content\/uploads\/2024\/09\/Gotas-da-vida-Chris-Borges.jpg","featured_image_src_square":"https:\/\/radiocomercial.cv\/wp-content\/uploads\/2024\/09\/Gotas-da-vida-Chris-Borges.jpg","author_info":{"display_name":"Radio Comercial","author_link":"https:\/\/radiocomercial.cv\/?author=2"},"rbea_author_info":{"display_name":"Radio Comercial","author_link":"https:\/\/radiocomercial.cv\/?author=2"},"rbea_excerpt_info":"A fot\u00f3grafa cabo-verdiana Chris Borges apresenta no s\u00e1bado, 7, na ilha do Sal, a exposi\u00e7\u00e3o \u201cGotas de Vida\u201d. A exposi\u00e7\u00e3o ficar\u00e1 patente ao p\u00fablico na Kasa d\u2019Arti, em Santa Maria, at\u00e9 13 deste m\u00eas. \u201cGotas de Vida\u201d, segundo a fot\u00f3grafa, faz parte da ramifica\u00e7\u00e3o do projecto fotogr\u00e1fico \u201cMumtobe Photography\u201d que nasceu em Agosto de 2021,<br><a class=\"moretag\" href=\"https:\/\/radiocomercial.cv\/?p=1449\">+ Read More<\/a>","category_list":"<a href=\"https:\/\/radiocomercial.cv\/?cat=6\" rel=\"category\">Noticias<\/a>","comments_num":"0 comments","_links":{"self":[{"href":"https:\/\/radiocomercial.cv\/index.php?rest_route=\/wp\/v2\/posts\/1449","targetHints":{"allow":["GET"]}}],"collection":[{"href":"https:\/\/radiocomercial.cv\/index.php?rest_route=\/wp\/v2\/posts"}],"about":[{"href":"https:\/\/radiocomercial.cv\/index.php?rest_route=\/wp\/v2\/types\/post"}],"author":[{"embeddable":true,"href":"https:\/\/radiocomercial.cv\/index.php?rest_route=\/wp\/v2\/users\/2"}],"replies":[{"embeddable":true,"href":"https:\/\/radiocomercial.cv\/index.php?rest_route=%2Fwp%2Fv2%2Fcomments&post=1449"}],"version-history":[{"count":1,"href":"https:\/\/radiocomercial.cv\/index.php?rest_route=\/wp\/v2\/posts\/1449\/revisions"}],"predecessor-version":[{"id":1451,"href":"https:\/\/radiocomercial.cv\/index.php?rest_route=\/wp\/v2\/posts\/1449\/revisions\/1451"}],"wp:featuredmedia":[{"embeddable":true,"href":"https:\/\/radiocomercial.cv\/index.php?rest_route=\/wp\/v2\/media\/1450"}],"wp:attachment":[{"href":"https:\/\/radiocomercial.cv\/index.php?rest_route=%2Fwp%2Fv2%2Fmedia&parent=1449"}],"wp:term":[{"taxonomy":"category","embeddable":true,"href":"https:\/\/radiocomercial.cv\/index.php?rest_route=%2Fwp%2Fv2%2Fcategories&post=1449"},{"taxonomy":"post_tag","embeddable":true,"href":"https:\/\/radiocomercial.cv\/index.php?rest_route=%2Fwp%2Fv2%2Ftags&post=1449"}],"curies":[{"name":"wp","href":"https:\/\/api.w.org\/{rel}","templated":true}]}}