{"id":1492,"date":"2024-09-19T16:14:15","date_gmt":"2024-09-19T16:14:15","guid":{"rendered":"https:\/\/radiocomercial.cv\/?p=1492"},"modified":"2024-09-19T16:14:16","modified_gmt":"2024-09-19T16:14:16","slug":"praienses-pedem-tomada-de-decisao-de-todos-para-combate-a-dengue-na-capital","status":"publish","type":"post","link":"https:\/\/radiocomercial.cv\/?p=1492","title":{"rendered":"Praienses pedem \u201ctomada de decis\u00e3o de todos\u201d para combate \u00e0 dengue na Capital"},"content":{"rendered":"\n<p><strong>Alguns cidad\u00e3os posicionaram-se hoje perante o aumento de casos de dengue na cidade da Praia, pedindo uma \u201ctomada de consci\u00eancia de todos\u201d para a diminui\u00e7\u00e3o de focos de mosquito.<\/strong><\/p>\n\n\n\n<p>\u00c0 Inforpress algumas pessoas mostraram-se preocupadas quanto ao aumento de doentes com dengue, uma situa\u00e7\u00e3o que segundo apontaram \u00e9 preocupante e depende de uma ac\u00e7\u00e3o conjunta.<\/p>\n\n\n\n<p>No caso desta moradora da zona de Fonton, Any Patr\u00edcia diz reconhecer que tem havido alguma actua\u00e7\u00e3o por parte das autoridades quanto a limpeza dos espa\u00e7os de escoamento de \u00e1gua, no entanto critica o comportamento de alguns residentes em n\u00e3o contribuir para a limpeza das redondezas das casas.<\/p>\n\n\n\n<p>\u201cA popula\u00e7\u00e3o n\u00e3o est\u00e1 dando a sua contribui\u00e7\u00e3o (\u2026), o lixo, as pessoas t\u00eam colocado fora dos contentores e lan\u00e7a \u00e1gua suja nos cantos das paredes, s\u00e3o situa\u00e7\u00f5es que tem contribu\u00eddo para a cria\u00e7\u00e3o de mosquitos\u201d, disse.<\/p>\n\n\n\n<p>Para o cidad\u00e3o Daniel Diamante, o aumento de casos de dengue precisa ser uma responsabilidade das autoridades e das pessoas.<\/p>\n\n\n\n<p>Disse que ainda \u00e9 vis\u00edvel constatar ac\u00famulo de lixo em diversas zonas da Praia, e po\u00e7as de \u00e1gua com a queda das chuvas.<\/p>\n\n\n\n<p>\u201cO problema ainda existe porque encontramos lixo em todos os cantos, e \u00e9 claro que h\u00e1 aumento de focos de mosquitos, isso quer dizer que o trabalho n\u00e3o est\u00e1 completo\u201d, lamentou.<\/p>\n\n\n\n<p>Uma outra moradora do bairro de Achada Santo Ant\u00f3nio, Isa Semedo, tamb\u00e9m disse lamentar o aumento de casos de dengue, e relembrou que o pa\u00eds ainda enfrenta casos da covid-19, pelo que pede a aten\u00e7\u00e3o de todos neste sentido.<\/p>\n\n\n\n<p>\u201cAs doen\u00e7as ent\u00e3o a espalhar-se e aquilo que podemos fazer para evitar a propaga\u00e7\u00e3o, devemos fazer. A limpeza da casa e das ruas, e a higieniza\u00e7\u00e3o do nosso corpo s\u00e3o fundamentais para prevenirmos doen\u00e7as de rua\u201d, apontou.<\/p>\n\n\n\n<p>Com base nos \u00faltimos dados divulgados na segunda-feira pelo Minist\u00e9rio da Sa\u00fade, atrav\u00e9s do seu boletim, deu conta que Cabo Verde apresenta&nbsp;um total de 3.900 casos confirmados e 6.087 suspeitos.<\/p>\n\n\n\n<p>Dos casos confirmados, conforme o Boletim Di\u00e1rio Dengue, Praia \u00e9 o concelho com maior n\u00famero de casos confirmados com 65 diagnosticados, 69 suspeitos e dois hospitalizados no dia 16 de&nbsp;Setembro.<\/p>\n","protected":false},"excerpt":{"rendered":"<p>Alguns cidad\u00e3os posicionaram-se hoje perante o aumento de casos de dengue na cidade da Praia, pedindo uma \u201ctomada de consci\u00eancia de todos\u201d para a diminui\u00e7\u00e3o de focos de mosquito. \u00c0 Inforpress algumas pessoas mostraram-se preocupadas quanto ao aumento de doentes com dengue, uma situa\u00e7\u00e3o que segundo apontaram \u00e9 preocupante e depende de uma ac\u00e7\u00e3o conjunta.<br \/><a class=\"moretag\" href=\"https:\/\/radiocomercial.cv\/?p=1492\">+ Read More<\/a><\/p>\n","protected":false},"author":2,"featured_media":1493,"comment_status":"open","ping_status":"open","sticky":false,"template":"","format":"standard","meta":{"footnotes":""},"categories":[6],"tags":[],"class_list":["post-1492","post","type-post","status-publish","format-standard","has-post-thumbnail","hentry","category-noticias"],"featured_image_src":"https:\/\/radiocomercial.cv\/wp-content\/uploads\/2024\/09\/Zona-de-Fonton-Casos-de-Dengue.jpg","featured_image_src_square":"https:\/\/radiocomercial.cv\/wp-content\/uploads\/2024\/09\/Zona-de-Fonton-Casos-de-Dengue.jpg","author_info":{"display_name":"Radio Comercial","author_link":"https:\/\/radiocomercial.cv\/?author=2"},"rbea_author_info":{"display_name":"Radio Comercial","author_link":"https:\/\/radiocomercial.cv\/?author=2"},"rbea_excerpt_info":"Alguns cidad\u00e3os posicionaram-se hoje perante o aumento de casos de dengue na cidade da Praia, pedindo uma \u201ctomada de consci\u00eancia de todos\u201d para a diminui\u00e7\u00e3o de focos de mosquito. \u00c0 Inforpress algumas pessoas mostraram-se preocupadas quanto ao aumento de doentes com dengue, uma situa\u00e7\u00e3o que segundo apontaram \u00e9 preocupante e depende de uma ac\u00e7\u00e3o conjunta.<br><a class=\"moretag\" href=\"https:\/\/radiocomercial.cv\/?p=1492\">+ Read More<\/a>","category_list":"<a href=\"https:\/\/radiocomercial.cv\/?cat=6\" rel=\"category\">Noticias<\/a>","comments_num":"0 comments","_links":{"self":[{"href":"https:\/\/radiocomercial.cv\/index.php?rest_route=\/wp\/v2\/posts\/1492","targetHints":{"allow":["GET"]}}],"collection":[{"href":"https:\/\/radiocomercial.cv\/index.php?rest_route=\/wp\/v2\/posts"}],"about":[{"href":"https:\/\/radiocomercial.cv\/index.php?rest_route=\/wp\/v2\/types\/post"}],"author":[{"embeddable":true,"href":"https:\/\/radiocomercial.cv\/index.php?rest_route=\/wp\/v2\/users\/2"}],"replies":[{"embeddable":true,"href":"https:\/\/radiocomercial.cv\/index.php?rest_route=%2Fwp%2Fv2%2Fcomments&post=1492"}],"version-history":[{"count":1,"href":"https:\/\/radiocomercial.cv\/index.php?rest_route=\/wp\/v2\/posts\/1492\/revisions"}],"predecessor-version":[{"id":1494,"href":"https:\/\/radiocomercial.cv\/index.php?rest_route=\/wp\/v2\/posts\/1492\/revisions\/1494"}],"wp:featuredmedia":[{"embeddable":true,"href":"https:\/\/radiocomercial.cv\/index.php?rest_route=\/wp\/v2\/media\/1493"}],"wp:attachment":[{"href":"https:\/\/radiocomercial.cv\/index.php?rest_route=%2Fwp%2Fv2%2Fmedia&parent=1492"}],"wp:term":[{"taxonomy":"category","embeddable":true,"href":"https:\/\/radiocomercial.cv\/index.php?rest_route=%2Fwp%2Fv2%2Fcategories&post=1492"},{"taxonomy":"post_tag","embeddable":true,"href":"https:\/\/radiocomercial.cv\/index.php?rest_route=%2Fwp%2Fv2%2Ftags&post=1492"}],"curies":[{"name":"wp","href":"https:\/\/api.w.org\/{rel}","templated":true}]}}