{"id":1495,"date":"2024-09-19T18:39:09","date_gmt":"2024-09-19T18:39:09","guid":{"rendered":"https:\/\/radiocomercial.cv\/?p=1495"},"modified":"2024-09-19T18:39:10","modified_gmt":"2024-09-19T18:39:10","slug":"autarca-da-ribeira-brava-defende-criacao-de-uma-ligacao-maritima-diaria-entre-sao-nicolau-e-sao-vicente","status":"publish","type":"post","link":"https:\/\/radiocomercial.cv\/?p=1495","title":{"rendered":"Autarca da Ribeira Brava defende cria\u00e7\u00e3o de uma liga\u00e7\u00e3o mar\u00edtima di\u00e1ria entre S\u00e3o Nicolau e S\u00e3o Vicente"},"content":{"rendered":"\n<p>O presidente da C\u00e2mara Municipal da Ribeira Brava, Jos\u00e9 Martins, defendeu hoje a ideia de cria\u00e7\u00e3o de uma liga\u00e7\u00e3o mar\u00edtima di\u00e1ria entre as ilhas de S\u00e3o Nicolau e S\u00e3o Vicente.<\/p>\n\n\n\n<p>Jos\u00e9 Martins falava durante a abertura da segunda edi\u00e7\u00e3o da Confer\u00eancia Internacional do Turismo Rural e de Natureza, como forma de abrir horizontes a investidores dispon\u00edveis para investir na ilha.<\/p>\n\n\n\n<p>Segundo o edil, os problemas de conectividade a\u00e9rea e mar\u00edtima ainda s\u00e3o dos \u201cprincipais desafios\u201d que precisam ser ultrapassados para que a ilha se torne uma refer\u00eancia no turismo rural e de natureza, avan\u00e7a \u00e0 Inforpress.<\/p>\n\n\n\n<p>O mesmo real\u00e7ou que s\u00e3o necess\u00e1rios investimentos neste sector que passam pela melhoria cont\u00ednua dos transportes para torn\u00e1-lo consistente e mais previs\u00edvel.<\/p>\n\n\n\n<p>\u201cSobretudo defendemos a ideia de uma liga\u00e7\u00e3o mar\u00edtima di\u00e1ria entre S\u00e3o Nicolau e S\u00e3o Vicente, abrindo horizontes para investidores dispon\u00edveis para investir no sector hoteleiro, de forma a garantir que um turista que quer conhecer a ilha possa se sentir seguro para programar uma viagem a esta espl\u00eandida ilha\u201d, real\u00e7ou.<\/p>\n\n\n\n<p>Por outro lado, Jos\u00e9 Martins destacou o facto da ilha albergar duas das sete maravilhas de Cabo Verde, s\u00edtios hist\u00f3ricos, manifesta\u00e7\u00f5es culturais e gentes acolhedoras, especificidades que, no seu entender, contribuem para fazer da ilha um destino preferencial para o turismo rural e de natureza.<\/p>\n\n\n\n<p>\u201cPor isso, a proposta de efectivar a Certifica\u00e7\u00e3o Internacional de S\u00e3o Nicolau como destino tur\u00edstico de natureza faz todo o sentido e esperamos que tal venha a acontecer a curto, m\u00e9dio prazo\u201d, acrescentou.<\/p>\n\n\n\n<p>O presidente da C\u00e2mara Municipal da Ribeira Brava destacou ainda diversos projectos a serem desenvolvidos em parceria com o Governo para melhorar a oferta tur\u00edstica na ilha.<\/p>\n","protected":false},"excerpt":{"rendered":"<p>O presidente da C\u00e2mara Municipal da Ribeira Brava, Jos\u00e9 Martins, defendeu hoje a ideia de cria\u00e7\u00e3o de uma liga\u00e7\u00e3o mar\u00edtima di\u00e1ria entre as ilhas de S\u00e3o Nicolau e S\u00e3o Vicente. Jos\u00e9 Martins falava durante a abertura da segunda edi\u00e7\u00e3o da Confer\u00eancia Internacional do Turismo Rural e de Natureza, como forma de abrir horizontes a investidores<br \/><a class=\"moretag\" href=\"https:\/\/radiocomercial.cv\/?p=1495\">+ Read More<\/a><\/p>\n","protected":false},"author":2,"featured_media":1496,"comment_status":"open","ping_status":"open","sticky":false,"template":"","format":"standard","meta":{"footnotes":""},"categories":[6],"tags":[],"class_list":["post-1495","post","type-post","status-publish","format-standard","has-post-thumbnail","hentry","category-noticias"],"featured_image_src":"https:\/\/radiocomercial.cv\/wp-content\/uploads\/2024\/09\/Barco-Sao-Nicolau.jpg","featured_image_src_square":"https:\/\/radiocomercial.cv\/wp-content\/uploads\/2024\/09\/Barco-Sao-Nicolau.jpg","author_info":{"display_name":"Radio Comercial","author_link":"https:\/\/radiocomercial.cv\/?author=2"},"rbea_author_info":{"display_name":"Radio Comercial","author_link":"https:\/\/radiocomercial.cv\/?author=2"},"rbea_excerpt_info":"O presidente da C\u00e2mara Municipal da Ribeira Brava, Jos\u00e9 Martins, defendeu hoje a ideia de cria\u00e7\u00e3o de uma liga\u00e7\u00e3o mar\u00edtima di\u00e1ria entre as ilhas de S\u00e3o Nicolau e S\u00e3o Vicente. Jos\u00e9 Martins falava durante a abertura da segunda edi\u00e7\u00e3o da Confer\u00eancia Internacional do Turismo Rural e de Natureza, como forma de abrir horizontes a investidores<br><a class=\"moretag\" href=\"https:\/\/radiocomercial.cv\/?p=1495\">+ Read More<\/a>","category_list":"<a href=\"https:\/\/radiocomercial.cv\/?cat=6\" rel=\"category\">Noticias<\/a>","comments_num":"0 comments","_links":{"self":[{"href":"https:\/\/radiocomercial.cv\/index.php?rest_route=\/wp\/v2\/posts\/1495","targetHints":{"allow":["GET"]}}],"collection":[{"href":"https:\/\/radiocomercial.cv\/index.php?rest_route=\/wp\/v2\/posts"}],"about":[{"href":"https:\/\/radiocomercial.cv\/index.php?rest_route=\/wp\/v2\/types\/post"}],"author":[{"embeddable":true,"href":"https:\/\/radiocomercial.cv\/index.php?rest_route=\/wp\/v2\/users\/2"}],"replies":[{"embeddable":true,"href":"https:\/\/radiocomercial.cv\/index.php?rest_route=%2Fwp%2Fv2%2Fcomments&post=1495"}],"version-history":[{"count":1,"href":"https:\/\/radiocomercial.cv\/index.php?rest_route=\/wp\/v2\/posts\/1495\/revisions"}],"predecessor-version":[{"id":1497,"href":"https:\/\/radiocomercial.cv\/index.php?rest_route=\/wp\/v2\/posts\/1495\/revisions\/1497"}],"wp:featuredmedia":[{"embeddable":true,"href":"https:\/\/radiocomercial.cv\/index.php?rest_route=\/wp\/v2\/media\/1496"}],"wp:attachment":[{"href":"https:\/\/radiocomercial.cv\/index.php?rest_route=%2Fwp%2Fv2%2Fmedia&parent=1495"}],"wp:term":[{"taxonomy":"category","embeddable":true,"href":"https:\/\/radiocomercial.cv\/index.php?rest_route=%2Fwp%2Fv2%2Fcategories&post=1495"},{"taxonomy":"post_tag","embeddable":true,"href":"https:\/\/radiocomercial.cv\/index.php?rest_route=%2Fwp%2Fv2%2Ftags&post=1495"}],"curies":[{"name":"wp","href":"https:\/\/api.w.org\/{rel}","templated":true}]}}