{"id":1498,"date":"2024-09-20T11:52:25","date_gmt":"2024-09-20T11:52:25","guid":{"rendered":"https:\/\/radiocomercial.cv\/?p=1498"},"modified":"2024-09-20T11:52:26","modified_gmt":"2024-09-20T11:52:26","slug":"soca-lanca-revista-soca-magazine-em-homenagem-david-hopffer-almada","status":"publish","type":"post","link":"https:\/\/radiocomercial.cv\/?p=1498","title":{"rendered":"SOCA lan\u00e7a revista SOCA Magazine em homenagem David Hopffer Almada"},"content":{"rendered":"\n<p><strong>A Sociedade Cabo-verdiana de Autores (SOCA) lan\u00e7ou esta sexta-feira, na cidade da Praia, a revista SOCA Magazine em homenagem a David Hopffer Almada, fundador e primeiro presidente da institui\u00e7\u00e3o.<\/strong><\/p>\n\n\n\n<p>Nas minhas declara\u00e7\u00f5es na Inforpress, o presidente da SOCA, Danny Sp\u00ednola, referiu-se \u00e0 institui\u00e7\u00e3o que durante muito tempo foi ministrada a muitas pessoas em casa, mas que n\u00e3o participava na revista, mas tamb\u00e9m nas grandes galas musicais.<\/p>\n\n\n\n<p>N\u00e3o, decidi tornar-me fundador e primeiro presidente da SOCA, mas, em segundo lugar ou mais tarde, foi, de facto, reconhecido que o meu trabalho foi retirado no momento em que decidi tornar-me presidente da institui\u00e7\u00e3o.<\/p>\n\n\n\n<p>\u201c\u00c9 um pequeno gesto, pode ser sempre muito mas profundo, mas representa o reconhecimento do seu contributo\u201d, disse Danny Sp\u00ednola.<\/p>\n\n\n\n<p>De acordo com esta refer\u00eancia, a SOCA continua com o seu trabalho, exigindo condi\u00e7\u00f5es que permitam a sua utiliza\u00e7\u00e3o para efeitos de distribui\u00e7\u00e3o e distribui\u00e7\u00e3o das suas obras a autores e artistas.<\/p>\n\n\n\n<p>Al\u00e9m disso, tem organizado e promovido os nossos artistas. Ao longo dos anos, foram realizadas v\u00e1rias galas, tanto em Cabo Verde como na di\u00e1spora, sempre prestando homenagens.<\/p>\n\n\n\n<p>Danny Sp\u00ednola destaca tamb\u00e9m a import\u00e2ncia da Revista SOCA, uma revista dedicada \u00e0 divulga\u00e7\u00e3o de informa\u00e7\u00e3o e forma\u00e7\u00e3o, com contos relevantes da cultura cabo-verdiana.<\/p>\n\n\n\n<p>E assim, referimos, revisit\u00e1mos diversas \u00e1reas, como a literatura, as artes pl\u00e1sticas e os of\u00edcios, com uma base s\u00f3lida de investiga\u00e7\u00e3o.<\/p>\n\n\n\n<p>Por acordo com o presidente da SOCA, com esta recente publica\u00e7\u00e3o, completou 15 n\u00fameros da Revista SOCA, e decidiu compilar todos os seus n\u00fameros anteriores em muito volumes de 300 p\u00e1ginas cada, totalizando cerca de 900 p\u00e1ginas.<\/p>\n\n\n\n<p>Estes volumes, anunciados por Danny Sp\u00ednola, ser\u00e3o apresentados no dia 01 de Outubro, marcando o arranque das comemora\u00e7\u00f5es da Cultura e Comunidades Nacionais, celebradas no dia 18 de Outubro.<\/p>\n","protected":false},"excerpt":{"rendered":"<p>A Sociedade Cabo-verdiana de Autores (SOCA) lan\u00e7ou esta sexta-feira, na cidade da Praia, a revista SOCA Magazine em homenagem a David Hopffer Almada, fundador e primeiro presidente da institui\u00e7\u00e3o. Nas minhas declara\u00e7\u00f5es na Inforpress, o presidente da SOCA, Danny Sp\u00ednola, referiu-se \u00e0 institui\u00e7\u00e3o que durante muito tempo foi ministrada a muitas pessoas em casa, mas<br \/><a class=\"moretag\" href=\"https:\/\/radiocomercial.cv\/?p=1498\">+ Read More<\/a><\/p>\n","protected":false},"author":2,"featured_media":1499,"comment_status":"open","ping_status":"open","sticky":false,"template":"","format":"standard","meta":{"footnotes":""},"categories":[6],"tags":[],"class_list":["post-1498","post","type-post","status-publish","format-standard","has-post-thumbnail","hentry","category-noticias"],"featured_image_src":"https:\/\/radiocomercial.cv\/wp-content\/uploads\/2024\/09\/SOCA-REVISTA.jpg","featured_image_src_square":"https:\/\/radiocomercial.cv\/wp-content\/uploads\/2024\/09\/SOCA-REVISTA.jpg","author_info":{"display_name":"Radio Comercial","author_link":"https:\/\/radiocomercial.cv\/?author=2"},"rbea_author_info":{"display_name":"Radio Comercial","author_link":"https:\/\/radiocomercial.cv\/?author=2"},"rbea_excerpt_info":"A Sociedade Cabo-verdiana de Autores (SOCA) lan\u00e7ou esta sexta-feira, na cidade da Praia, a revista SOCA Magazine em homenagem a David Hopffer Almada, fundador e primeiro presidente da institui\u00e7\u00e3o. Nas minhas declara\u00e7\u00f5es na Inforpress, o presidente da SOCA, Danny Sp\u00ednola, referiu-se \u00e0 institui\u00e7\u00e3o que durante muito tempo foi ministrada a muitas pessoas em casa, mas<br><a class=\"moretag\" href=\"https:\/\/radiocomercial.cv\/?p=1498\">+ Read More<\/a>","category_list":"<a href=\"https:\/\/radiocomercial.cv\/?cat=6\" rel=\"category\">Noticias<\/a>","comments_num":"0 comments","_links":{"self":[{"href":"https:\/\/radiocomercial.cv\/index.php?rest_route=\/wp\/v2\/posts\/1498","targetHints":{"allow":["GET"]}}],"collection":[{"href":"https:\/\/radiocomercial.cv\/index.php?rest_route=\/wp\/v2\/posts"}],"about":[{"href":"https:\/\/radiocomercial.cv\/index.php?rest_route=\/wp\/v2\/types\/post"}],"author":[{"embeddable":true,"href":"https:\/\/radiocomercial.cv\/index.php?rest_route=\/wp\/v2\/users\/2"}],"replies":[{"embeddable":true,"href":"https:\/\/radiocomercial.cv\/index.php?rest_route=%2Fwp%2Fv2%2Fcomments&post=1498"}],"version-history":[{"count":1,"href":"https:\/\/radiocomercial.cv\/index.php?rest_route=\/wp\/v2\/posts\/1498\/revisions"}],"predecessor-version":[{"id":1500,"href":"https:\/\/radiocomercial.cv\/index.php?rest_route=\/wp\/v2\/posts\/1498\/revisions\/1500"}],"wp:featuredmedia":[{"embeddable":true,"href":"https:\/\/radiocomercial.cv\/index.php?rest_route=\/wp\/v2\/media\/1499"}],"wp:attachment":[{"href":"https:\/\/radiocomercial.cv\/index.php?rest_route=%2Fwp%2Fv2%2Fmedia&parent=1498"}],"wp:term":[{"taxonomy":"category","embeddable":true,"href":"https:\/\/radiocomercial.cv\/index.php?rest_route=%2Fwp%2Fv2%2Fcategories&post=1498"},{"taxonomy":"post_tag","embeddable":true,"href":"https:\/\/radiocomercial.cv\/index.php?rest_route=%2Fwp%2Fv2%2Ftags&post=1498"}],"curies":[{"name":"wp","href":"https:\/\/api.w.org\/{rel}","templated":true}]}}