{"id":1501,"date":"2024-09-20T19:17:42","date_gmt":"2024-09-20T19:17:42","guid":{"rendered":"https:\/\/radiocomercial.cv\/?p=1501"},"modified":"2024-09-20T19:17:43","modified_gmt":"2024-09-20T19:17:43","slug":"cabo-verde-regista-duas-vitimas-mortais-da-dengue","status":"publish","type":"post","link":"https:\/\/radiocomercial.cv\/?p=1501","title":{"rendered":"Cabo Verde regista duas v\u00edtimas mortais da Dengue"},"content":{"rendered":"\n<p><strong>O Boletim Epidemiol\u00f3gico da Dengue, divulgado nesta quinta-feira, 19, revela que o pa\u00eds contabiliza actualmente 141 casos suspeitos e 68 casos confirmados de dengue. Apesar de n\u00e3o haver registo de casos hospitalizados, foram notificados dois \u00f3bitos sendo um no concelho da Praia e outro nos Mosteiros.<\/strong><\/p>\n\n\n\n<p>Desde o in\u00edcio da epidemia, Cabo Verde registou um total de 6.568 casos notificados, dos quais 4.146 foram confirmados. At\u00e9 o momento, os dois \u00f3bitos acumulados foram reportados no concelho da Praia e nos Mosteiros.&nbsp;<\/p>\n\n\n\n<p>A Praia continua a liderar em n\u00famero de casos suspeitos, com 4.283, seguida de Mosteiros, com 759, e de S\u00e3o Filipe, com 720. O n\u00famero de casos confirmados segue a mesma tend\u00eancia, com a Praia contabilizando 3.075 casos, seguida dos Mosteiros, com 341, e de S\u00e3o Filipe, com 272.&nbsp;<\/p>\n\n\n\n<p>As ilhas de Santo Ant\u00e3o e S\u00e3o Nicolau permanecem sem registo de casos de dengue. As autoridades de sa\u00fade refor\u00e7am a import\u00e2ncia de continuar com as medidas de preven\u00e7\u00e3o e controle da doen\u00e7a, especialmente em \u00e1reas com maior incid\u00eancia de casos.&nbsp;<\/p>\n\n\n\n<p>&#8220;Dengue \u00e9 uma doen\u00e7a aguda infeciosa febril, transmitida pela picada de mosquitos Aedes aegypti. Os sintomas mais frequentes s\u00e3o: febre, dores de cabe\u00e7a, dores no corpo, dores atr\u00e1s dos olhos, erup\u00e7\u00e3o cut\u00e2nea, diarreia e v\u00f3mitos&#8221;, explica o minist\u00e9rio que recomenda que as pessoas ao sentirem &#8220;ao menos um dos sintomas referidos, deve procurar o atendimento m\u00e9dico para ter orienta\u00e7\u00f5es espec\u00edficas&#8221;.\u00a0<\/p>\n","protected":false},"excerpt":{"rendered":"<p>O Boletim Epidemiol\u00f3gico da Dengue, divulgado nesta quinta-feira, 19, revela que o pa\u00eds contabiliza actualmente 141 casos suspeitos e 68 casos confirmados de dengue. Apesar de n\u00e3o haver registo de casos hospitalizados, foram notificados dois \u00f3bitos sendo um no concelho da Praia e outro nos Mosteiros. Desde o in\u00edcio da epidemia, Cabo Verde registou um<br \/><a class=\"moretag\" href=\"https:\/\/radiocomercial.cv\/?p=1501\">+ Read More<\/a><\/p>\n","protected":false},"author":2,"featured_media":1502,"comment_status":"open","ping_status":"open","sticky":false,"template":"","format":"standard","meta":{"footnotes":""},"categories":[6],"tags":[],"class_list":["post-1501","post","type-post","status-publish","format-standard","has-post-thumbnail","hentry","category-noticias"],"featured_image_src":"https:\/\/radiocomercial.cv\/wp-content\/uploads\/2024\/09\/mosquito-dengue.jpg","featured_image_src_square":"https:\/\/radiocomercial.cv\/wp-content\/uploads\/2024\/09\/mosquito-dengue.jpg","author_info":{"display_name":"Radio Comercial","author_link":"https:\/\/radiocomercial.cv\/?author=2"},"rbea_author_info":{"display_name":"Radio Comercial","author_link":"https:\/\/radiocomercial.cv\/?author=2"},"rbea_excerpt_info":"O Boletim Epidemiol\u00f3gico da Dengue, divulgado nesta quinta-feira, 19, revela que o pa\u00eds contabiliza actualmente 141 casos suspeitos e 68 casos confirmados de dengue. Apesar de n\u00e3o haver registo de casos hospitalizados, foram notificados dois \u00f3bitos sendo um no concelho da Praia e outro nos Mosteiros. Desde o in\u00edcio da epidemia, Cabo Verde registou um<br><a class=\"moretag\" href=\"https:\/\/radiocomercial.cv\/?p=1501\">+ Read More<\/a>","category_list":"<a href=\"https:\/\/radiocomercial.cv\/?cat=6\" rel=\"category\">Noticias<\/a>","comments_num":"0 comments","_links":{"self":[{"href":"https:\/\/radiocomercial.cv\/index.php?rest_route=\/wp\/v2\/posts\/1501","targetHints":{"allow":["GET"]}}],"collection":[{"href":"https:\/\/radiocomercial.cv\/index.php?rest_route=\/wp\/v2\/posts"}],"about":[{"href":"https:\/\/radiocomercial.cv\/index.php?rest_route=\/wp\/v2\/types\/post"}],"author":[{"embeddable":true,"href":"https:\/\/radiocomercial.cv\/index.php?rest_route=\/wp\/v2\/users\/2"}],"replies":[{"embeddable":true,"href":"https:\/\/radiocomercial.cv\/index.php?rest_route=%2Fwp%2Fv2%2Fcomments&post=1501"}],"version-history":[{"count":1,"href":"https:\/\/radiocomercial.cv\/index.php?rest_route=\/wp\/v2\/posts\/1501\/revisions"}],"predecessor-version":[{"id":1503,"href":"https:\/\/radiocomercial.cv\/index.php?rest_route=\/wp\/v2\/posts\/1501\/revisions\/1503"}],"wp:featuredmedia":[{"embeddable":true,"href":"https:\/\/radiocomercial.cv\/index.php?rest_route=\/wp\/v2\/media\/1502"}],"wp:attachment":[{"href":"https:\/\/radiocomercial.cv\/index.php?rest_route=%2Fwp%2Fv2%2Fmedia&parent=1501"}],"wp:term":[{"taxonomy":"category","embeddable":true,"href":"https:\/\/radiocomercial.cv\/index.php?rest_route=%2Fwp%2Fv2%2Fcategories&post=1501"},{"taxonomy":"post_tag","embeddable":true,"href":"https:\/\/radiocomercial.cv\/index.php?rest_route=%2Fwp%2Fv2%2Ftags&post=1501"}],"curies":[{"name":"wp","href":"https:\/\/api.w.org\/{rel}","templated":true}]}}