{"id":1504,"date":"2024-09-21T13:22:05","date_gmt":"2024-09-21T13:22:05","guid":{"rendered":"https:\/\/radiocomercial.cv\/?p=1504"},"modified":"2024-09-21T13:22:06","modified_gmt":"2024-09-21T13:22:06","slug":"boa-vista-recebe-vi-edicao-da-semana-da-morna","status":"publish","type":"post","link":"https:\/\/radiocomercial.cv\/?p=1504","title":{"rendered":"Boa Vista recebe VI Edi\u00e7\u00e3o da Semana da Morna"},"content":{"rendered":"\n<p><strong>A VI Edi\u00e7\u00e3o da Semana da Morna da Boa Vista iniciou sob\u00a0o lema &#8220;Valoriza a Nossa Morna&#8221; e vai decorrer at\u00e9 27 de Setembro.<\/strong><\/p>\n\n\n\n<p>O concerto da artista Assol Garcia, que realizou na sexta-feira, 20, no Centro de Artes e Cultura &#8211; CAC \u00e0s 21h, marcou a abertura da Semana da Morna 2024.<\/p>\n\n\n\n<p>A programa\u00e7\u00e3o&nbsp;da Semana da Morna tamb\u00e9m contar\u00e1 com atividades na Escola Secund\u00e1ria da Boa Vista, concertos em diferentes povoados e praias, workshop para m\u00fasicos, poesia, serenata, e vai ser encerrada com o Festival de Mornas, no dia 27, na praia d\u2019Diante.<\/p>\n\n\n\n<p>O evento \u00e9 realizado pela Associa\u00e7\u00e3o dos M\u00fasicos da Boa Vista, em parceria C\u00e2mara Municipal, que promete \u201cuma rica programa\u00e7\u00e3o&#8221;, em prol da \u201cpromo\u00e7\u00e3o e valoriza\u00e7\u00e3o da morna, Patrim\u00f3nio Imaterial da Humanidade &nbsp;e com origem na Boa Vista\u201d.<\/p>\n\n\n\n<p>Segundo informa\u00e7\u00f5es da autarquia, a Semana da Morna tamb\u00e9m \u00e9 uma aposta na valoriza\u00e7\u00e3o de personalidades da ilha, que tem dado o seu contributo na valoriza\u00e7\u00e3o e difus\u00e3o da morna e da cultura da Boa Vista, reporta \u00e0 Inforpress.<\/p>\n\n\n\n<p>Esta edi\u00e7\u00e3o presta \u201cuma singela homenagem \u201d a Gabriela Estrela (Gaby), Erineu Morais (Neneu) e Rolando da Gra\u00e7a (Djugan), como forma de demonstrar publicamente o apre\u00e7o e reconhecimento pelo tributo que t\u00eam prestado \u00e0 cultura da Boa Vista e do pa\u00eds ao longo dos anos.<\/p>\n","protected":false},"excerpt":{"rendered":"<p>A VI Edi\u00e7\u00e3o da Semana da Morna da Boa Vista iniciou sob\u00a0o lema &#8220;Valoriza a Nossa Morna&#8221; e vai decorrer at\u00e9 27 de Setembro. O concerto da artista Assol Garcia, que realizou na sexta-feira, 20, no Centro de Artes e Cultura &#8211; CAC \u00e0s 21h, marcou a abertura da Semana da Morna 2024. A programa\u00e7\u00e3o&nbsp;da<br \/><a class=\"moretag\" href=\"https:\/\/radiocomercial.cv\/?p=1504\">+ Read More<\/a><\/p>\n","protected":false},"author":2,"featured_media":1505,"comment_status":"open","ping_status":"open","sticky":false,"template":"","format":"standard","meta":{"footnotes":""},"categories":[6],"tags":[],"class_list":["post-1504","post","type-post","status-publish","format-standard","has-post-thumbnail","hentry","category-noticias"],"featured_image_src":"https:\/\/radiocomercial.cv\/wp-content\/uploads\/2024\/09\/VI-Edicao-da-Semana-da-Morna-da-Boa-Vista.jpg","featured_image_src_square":"https:\/\/radiocomercial.cv\/wp-content\/uploads\/2024\/09\/VI-Edicao-da-Semana-da-Morna-da-Boa-Vista.jpg","author_info":{"display_name":"Radio Comercial","author_link":"https:\/\/radiocomercial.cv\/?author=2"},"rbea_author_info":{"display_name":"Radio Comercial","author_link":"https:\/\/radiocomercial.cv\/?author=2"},"rbea_excerpt_info":"A VI Edi\u00e7\u00e3o da Semana da Morna da Boa Vista iniciou sob\u00a0o lema &#8220;Valoriza a Nossa Morna&#8221; e vai decorrer at\u00e9 27 de Setembro. O concerto da artista Assol Garcia, que realizou na sexta-feira, 20, no Centro de Artes e Cultura &#8211; CAC \u00e0s 21h, marcou a abertura da Semana da Morna 2024. A programa\u00e7\u00e3o&nbsp;da<br><a class=\"moretag\" href=\"https:\/\/radiocomercial.cv\/?p=1504\">+ Read More<\/a>","category_list":"<a href=\"https:\/\/radiocomercial.cv\/?cat=6\" rel=\"category\">Noticias<\/a>","comments_num":"0 comments","_links":{"self":[{"href":"https:\/\/radiocomercial.cv\/index.php?rest_route=\/wp\/v2\/posts\/1504","targetHints":{"allow":["GET"]}}],"collection":[{"href":"https:\/\/radiocomercial.cv\/index.php?rest_route=\/wp\/v2\/posts"}],"about":[{"href":"https:\/\/radiocomercial.cv\/index.php?rest_route=\/wp\/v2\/types\/post"}],"author":[{"embeddable":true,"href":"https:\/\/radiocomercial.cv\/index.php?rest_route=\/wp\/v2\/users\/2"}],"replies":[{"embeddable":true,"href":"https:\/\/radiocomercial.cv\/index.php?rest_route=%2Fwp%2Fv2%2Fcomments&post=1504"}],"version-history":[{"count":1,"href":"https:\/\/radiocomercial.cv\/index.php?rest_route=\/wp\/v2\/posts\/1504\/revisions"}],"predecessor-version":[{"id":1506,"href":"https:\/\/radiocomercial.cv\/index.php?rest_route=\/wp\/v2\/posts\/1504\/revisions\/1506"}],"wp:featuredmedia":[{"embeddable":true,"href":"https:\/\/radiocomercial.cv\/index.php?rest_route=\/wp\/v2\/media\/1505"}],"wp:attachment":[{"href":"https:\/\/radiocomercial.cv\/index.php?rest_route=%2Fwp%2Fv2%2Fmedia&parent=1504"}],"wp:term":[{"taxonomy":"category","embeddable":true,"href":"https:\/\/radiocomercial.cv\/index.php?rest_route=%2Fwp%2Fv2%2Fcategories&post=1504"},{"taxonomy":"post_tag","embeddable":true,"href":"https:\/\/radiocomercial.cv\/index.php?rest_route=%2Fwp%2Fv2%2Ftags&post=1504"}],"curies":[{"name":"wp","href":"https:\/\/api.w.org\/{rel}","templated":true}]}}