{"id":1507,"date":"2024-09-21T14:04:44","date_gmt":"2024-09-21T14:04:44","guid":{"rendered":"https:\/\/radiocomercial.cv\/?p=1507"},"modified":"2024-09-21T14:04:45","modified_gmt":"2024-09-21T14:04:45","slug":"centro-historico-e-cultural-do-porto-da-calheta-recebe-tradicional-noite-de-morna","status":"publish","type":"post","link":"https:\/\/radiocomercial.cv\/?p=1507","title":{"rendered":"Centro Hist\u00f3rico e Cultural do Porto da Calheta recebe tradicional \u201cNoite de Morna\u201d"},"content":{"rendered":"\n<p><strong>O\u00a0Centro Hist\u00f3rico e Cultural do Porto da Calheta, em S\u00e3o Miguel, recebe hoje uma \u201cNoite de Morna\u201d, evento considerado \u201cproduto tur\u00edstico e cultural\u201d desse munic\u00edpio santiaguense.<\/strong><\/p>\n\n\n\n<p>Organizado pela C\u00e2mara Municipal de S\u00e3o Miguel, no \u00e2mbito dos 27 anos da cria\u00e7\u00e3o do munic\u00edpio e do seu santo padroeiro S\u00e3o Miguel Arcanjo, assinalado a 29 de Setembro, o evento, segundo o munic\u00edpio liderado por Herm\u00e9nio Fernandes, visa promover a cultura e este g\u00e9nero musical que \u00e9 patrim\u00f3nio imaterial da humanidade e ter\u00e1 entrada livre.<\/p>\n\n\n\n<p>A quarta edi\u00e7\u00e3o da \u201cNoite de Morna\u201d, aprazada para as 20:00, ser\u00e1 animada pelos artistas Darri Gon\u00e7alves, F\u00e9lix Lopes, Naty Martins, Tidy Rodrigues, Yacine Rosa, Edimeia Miranda, Banda som e Luz, e os repetentes Z\u00e9 Rui de Pina, Ivandra Tavares, Djacy Silva, Lizy Nunes.<\/p>\n\n\n\n<p>Tamb\u00e9m no \u00e2mbito das festividades, arrancou esta sexta-feira, no largo do mercado municipal, a feira agro-pecu\u00e1ria onde est\u00e3o expostos e para venda produtos agr\u00edcolas, pecu\u00e1rios, artesanato e plantas ornamentais, avan\u00e7a \u00e0 Inforpress.<\/p>\n\n\n\n<p>A feira decorre at\u00e9 domingo entre as 08:00 e \u00e0s 18:00.<\/p>\n\n\n\n<p>A comemora\u00e7\u00e3o do 27\u00ba anivers\u00e1rio do munic\u00edpio de S\u00e3o Miguel est\u00e1 a ser celebrada com v\u00e1rias actividades de cunho social, cultural, desportivo, gastron\u00f3mico, pol\u00edtico e, ainda, inaugura\u00e7\u00f5es.<\/p>\n\n\n\n<p>Sobre inaugura\u00e7\u00f5es, a edilidade micaelense procede, na pr\u00f3xima segunda-feira, 23, na cidade de Calheta, \u00e0 entrega de moradias a sete fam\u00edlias.<\/p>\n\n\n\n<p>As festividades ter\u00e3o o seu ponto alto no dia 29 de Setembro, com uma prociss\u00e3o e missa em honra ao santo padroeiro.<\/p>\n","protected":false},"excerpt":{"rendered":"<p>O\u00a0Centro Hist\u00f3rico e Cultural do Porto da Calheta, em S\u00e3o Miguel, recebe hoje uma \u201cNoite de Morna\u201d, evento considerado \u201cproduto tur\u00edstico e cultural\u201d desse munic\u00edpio santiaguense. Organizado pela C\u00e2mara Municipal de S\u00e3o Miguel, no \u00e2mbito dos 27 anos da cria\u00e7\u00e3o do munic\u00edpio e do seu santo padroeiro S\u00e3o Miguel Arcanjo, assinalado a 29 de Setembro,<br \/><a class=\"moretag\" href=\"https:\/\/radiocomercial.cv\/?p=1507\">+ Read More<\/a><\/p>\n","protected":false},"author":2,"featured_media":1508,"comment_status":"open","ping_status":"open","sticky":false,"template":"","format":"standard","meta":{"footnotes":""},"categories":[6],"tags":[],"class_list":["post-1507","post","type-post","status-publish","format-standard","has-post-thumbnail","hentry","category-noticias"],"featured_image_src":"https:\/\/radiocomercial.cv\/wp-content\/uploads\/2024\/09\/Festival-Morna-Calheta-Sao-Miguel.jpg","featured_image_src_square":"https:\/\/radiocomercial.cv\/wp-content\/uploads\/2024\/09\/Festival-Morna-Calheta-Sao-Miguel.jpg","author_info":{"display_name":"Radio Comercial","author_link":"https:\/\/radiocomercial.cv\/?author=2"},"rbea_author_info":{"display_name":"Radio Comercial","author_link":"https:\/\/radiocomercial.cv\/?author=2"},"rbea_excerpt_info":"O\u00a0Centro Hist\u00f3rico e Cultural do Porto da Calheta, em S\u00e3o Miguel, recebe hoje uma \u201cNoite de Morna\u201d, evento considerado \u201cproduto tur\u00edstico e cultural\u201d desse munic\u00edpio santiaguense. Organizado pela C\u00e2mara Municipal de S\u00e3o Miguel, no \u00e2mbito dos 27 anos da cria\u00e7\u00e3o do munic\u00edpio e do seu santo padroeiro S\u00e3o Miguel Arcanjo, assinalado a 29 de Setembro,<br><a class=\"moretag\" href=\"https:\/\/radiocomercial.cv\/?p=1507\">+ Read More<\/a>","category_list":"<a href=\"https:\/\/radiocomercial.cv\/?cat=6\" rel=\"category\">Noticias<\/a>","comments_num":"0 comments","_links":{"self":[{"href":"https:\/\/radiocomercial.cv\/index.php?rest_route=\/wp\/v2\/posts\/1507","targetHints":{"allow":["GET"]}}],"collection":[{"href":"https:\/\/radiocomercial.cv\/index.php?rest_route=\/wp\/v2\/posts"}],"about":[{"href":"https:\/\/radiocomercial.cv\/index.php?rest_route=\/wp\/v2\/types\/post"}],"author":[{"embeddable":true,"href":"https:\/\/radiocomercial.cv\/index.php?rest_route=\/wp\/v2\/users\/2"}],"replies":[{"embeddable":true,"href":"https:\/\/radiocomercial.cv\/index.php?rest_route=%2Fwp%2Fv2%2Fcomments&post=1507"}],"version-history":[{"count":1,"href":"https:\/\/radiocomercial.cv\/index.php?rest_route=\/wp\/v2\/posts\/1507\/revisions"}],"predecessor-version":[{"id":1509,"href":"https:\/\/radiocomercial.cv\/index.php?rest_route=\/wp\/v2\/posts\/1507\/revisions\/1509"}],"wp:featuredmedia":[{"embeddable":true,"href":"https:\/\/radiocomercial.cv\/index.php?rest_route=\/wp\/v2\/media\/1508"}],"wp:attachment":[{"href":"https:\/\/radiocomercial.cv\/index.php?rest_route=%2Fwp%2Fv2%2Fmedia&parent=1507"}],"wp:term":[{"taxonomy":"category","embeddable":true,"href":"https:\/\/radiocomercial.cv\/index.php?rest_route=%2Fwp%2Fv2%2Fcategories&post=1507"},{"taxonomy":"post_tag","embeddable":true,"href":"https:\/\/radiocomercial.cv\/index.php?rest_route=%2Fwp%2Fv2%2Ftags&post=1507"}],"curies":[{"name":"wp","href":"https:\/\/api.w.org\/{rel}","templated":true}]}}