{"id":1539,"date":"2024-09-30T11:49:58","date_gmt":"2024-09-30T11:49:58","guid":{"rendered":"https:\/\/radiocomercial.cv\/?p=1539"},"modified":"2024-09-30T11:49:59","modified_gmt":"2024-09-30T11:49:59","slug":"cabo-verde-escolhido-para-receber-encontro-anual-do-comite-africano-da-cisac-em-2025","status":"publish","type":"post","link":"https:\/\/radiocomercial.cv\/?p=1539","title":{"rendered":"Cabo Verde escolhido para receber encontro anual do comit\u00e9 africano da CISAC em 2025"},"content":{"rendered":"\n<p><strong>Cabo Verde vai acolher, em 2025, o encontro anual do Comit\u00e9 Africano da Confedera\u00e7\u00e3o Internacional das Sociedades de Autores e Compositores (CISAC), tendo a Sociedade Cabo-verdiana de M\u00fasica (SCM) como anfitri\u00e3.<\/strong><\/p>\n\n\n\n<p>Num comunicado a que a Inforpress teve acesso, a SCM anunciou que a argumenta\u00e7\u00e3o para escolha de Cabo Verde valeu o facto de ser um pa\u00eds com uma \u201ccultura diversificada\u201d, em que a m\u00fasica tem um \u201cpapel preponderante\u201d, bem como a realidade do pa\u00eds e sendo um destino tur\u00edstico.<\/p>\n\n\n\n<p>A decis\u00e3o, fez saber a SCM, saiu da reuni\u00e3o anual do Comit\u00e9 Africano (CAF), organizada pela CISAC em parceria com a Entidade de Gest\u00e3o Colectiva de Direitos de Autor e Direitos Conexos do Reino de Marrocos, que decorreu em Marraquexe, nos dias de 10, 11 e 12 de Setembro de 2024.&nbsp;<\/p>\n\n\n\n<p>\u201cPesaram na decis\u00e3o o caminho fant\u00e1stico que a SCM tem feito, e que tem sido reconhecido a n\u00edvel nacional e internacional, na defesa e promo\u00e7\u00e3o dos direitos de autor e direitos conexos em Cabo Verde, tornando-se no \u00fanico pa\u00eds lus\u00f3fono no Comit\u00e9 Executivo Africano do CISAC\u201d, l\u00ea-se na nota.<\/p>\n\n\n\n<p>Acrescentou ainda que do encontro sa\u00edram recomenda\u00e7\u00f5es como \u201cabandonar o tratado de Sydney\u201d, tendo em conta a sua n\u00e3o apropria\u00e7\u00e3o em rela\u00e7\u00e3o \u00e0s leis nacionais, os m\u00e9todos de explora\u00e7\u00e3o e os modelos de neg\u00f3cios das radiodifusoras em \u00c1frica e ainda elaborar estudo aprofundado sobre a utiliza\u00e7\u00e3o das obras entre os membros do CAF.<\/p>\n\n\n\n<p>A SCM disse usufruir de \u201cexcelentes aprendizados\u201d para continuar a elevar os seus servi\u00e7os na defesa dos direitos autorais dos m\u00fasicos, autores e compositores cabo-verdianos, e de partilhar a sua experi\u00eancia.<\/p>\n","protected":false},"excerpt":{"rendered":"<p>Cabo Verde vai acolher, em 2025, o encontro anual do Comit\u00e9 Africano da Confedera\u00e7\u00e3o Internacional das Sociedades de Autores e Compositores (CISAC), tendo a Sociedade Cabo-verdiana de M\u00fasica (SCM) como anfitri\u00e3. Num comunicado a que a Inforpress teve acesso, a SCM anunciou que a argumenta\u00e7\u00e3o para escolha de Cabo Verde valeu o facto de ser<br \/><a class=\"moretag\" href=\"https:\/\/radiocomercial.cv\/?p=1539\">+ Read More<\/a><\/p>\n","protected":false},"author":2,"featured_media":1540,"comment_status":"open","ping_status":"open","sticky":false,"template":"","format":"standard","meta":{"footnotes":""},"categories":[6],"tags":[],"class_list":["post-1539","post","type-post","status-publish","format-standard","has-post-thumbnail","hentry","category-noticias"],"featured_image_src":"https:\/\/radiocomercial.cv\/wp-content\/uploads\/2024\/09\/SCM.jpg","featured_image_src_square":"https:\/\/radiocomercial.cv\/wp-content\/uploads\/2024\/09\/SCM.jpg","author_info":{"display_name":"Radio Comercial","author_link":"https:\/\/radiocomercial.cv\/?author=2"},"rbea_author_info":{"display_name":"Radio Comercial","author_link":"https:\/\/radiocomercial.cv\/?author=2"},"rbea_excerpt_info":"Cabo Verde vai acolher, em 2025, o encontro anual do Comit\u00e9 Africano da Confedera\u00e7\u00e3o Internacional das Sociedades de Autores e Compositores (CISAC), tendo a Sociedade Cabo-verdiana de M\u00fasica (SCM) como anfitri\u00e3. Num comunicado a que a Inforpress teve acesso, a SCM anunciou que a argumenta\u00e7\u00e3o para escolha de Cabo Verde valeu o facto de ser<br><a class=\"moretag\" href=\"https:\/\/radiocomercial.cv\/?p=1539\">+ Read More<\/a>","category_list":"<a href=\"https:\/\/radiocomercial.cv\/?cat=6\" rel=\"category\">Noticias<\/a>","comments_num":"0 comments","_links":{"self":[{"href":"https:\/\/radiocomercial.cv\/index.php?rest_route=\/wp\/v2\/posts\/1539","targetHints":{"allow":["GET"]}}],"collection":[{"href":"https:\/\/radiocomercial.cv\/index.php?rest_route=\/wp\/v2\/posts"}],"about":[{"href":"https:\/\/radiocomercial.cv\/index.php?rest_route=\/wp\/v2\/types\/post"}],"author":[{"embeddable":true,"href":"https:\/\/radiocomercial.cv\/index.php?rest_route=\/wp\/v2\/users\/2"}],"replies":[{"embeddable":true,"href":"https:\/\/radiocomercial.cv\/index.php?rest_route=%2Fwp%2Fv2%2Fcomments&post=1539"}],"version-history":[{"count":1,"href":"https:\/\/radiocomercial.cv\/index.php?rest_route=\/wp\/v2\/posts\/1539\/revisions"}],"predecessor-version":[{"id":1541,"href":"https:\/\/radiocomercial.cv\/index.php?rest_route=\/wp\/v2\/posts\/1539\/revisions\/1541"}],"wp:featuredmedia":[{"embeddable":true,"href":"https:\/\/radiocomercial.cv\/index.php?rest_route=\/wp\/v2\/media\/1540"}],"wp:attachment":[{"href":"https:\/\/radiocomercial.cv\/index.php?rest_route=%2Fwp%2Fv2%2Fmedia&parent=1539"}],"wp:term":[{"taxonomy":"category","embeddable":true,"href":"https:\/\/radiocomercial.cv\/index.php?rest_route=%2Fwp%2Fv2%2Fcategories&post=1539"},{"taxonomy":"post_tag","embeddable":true,"href":"https:\/\/radiocomercial.cv\/index.php?rest_route=%2Fwp%2Fv2%2Ftags&post=1539"}],"curies":[{"name":"wp","href":"https:\/\/api.w.org\/{rel}","templated":true}]}}