{"id":1542,"date":"2024-09-30T13:48:08","date_gmt":"2024-09-30T13:48:08","guid":{"rendered":"https:\/\/radiocomercial.cv\/?p=1542"},"modified":"2024-09-30T13:48:09","modified_gmt":"2024-09-30T13:48:09","slug":"eveline-ramos-e-a-arte-do-croche","status":"publish","type":"post","link":"https:\/\/radiocomercial.cv\/?p=1542","title":{"rendered":"Eveline Ramos e a arte do croch\u00ea"},"content":{"rendered":"\n<p><strong>Eveline Robalo Ramos, de 23 anos, mora em S\u00e3o Pedro, concelho da Praia, e faz da sua paix\u00e3o pelo croch\u00ea um neg\u00f3cio. Formanda em Ci\u00eancias da Comunica\u00e7\u00e3o, vertente jornalismo, aprendeu a fazer croch\u00ea aos oito anos com uma vizinha, e desde ent\u00e3o n\u00e3o parou. Actualmente tem uma p\u00e1gina no Facebook, de nome \u201cLinhaArts_Cv\u201d, e pretende futuramente expandir o seu neg\u00f3cio.<\/strong><\/p>\n\n\n\n<p>O primeiro contato de Eveline com o croch\u00ea aconteceu ainda na inf\u00e2ncia, quando come\u00e7ou a acompanhar o trabalho de uma vizinha que dedicava seu tempo a criar pe\u00e7as com linhas e agulhas. \u201cQuando eu via a minha vizinha a trabalhar com aquela agulha fininha, achava aquilo extraordin\u00e1rio\u201d, diz.<\/p>\n\n\n\n<p>O interesse por criar vestu\u00e1rio cresceu ao longo dos anos, e atualmente, os biqu\u00ednis s\u00e3o as pe\u00e7as mais solicitadas. \u201cO que mais gosto de fazer s\u00e3o biquinis, e s\u00e3o tamb\u00e9m os mais pedidos\u201d, afirma Eveline.<\/p>\n\n\n\n<p>Al\u00e9m disso, ela tamb\u00e9m cria pe\u00e7as para dan\u00e7arinas e para miss, ampliando seu portf\u00f3lio de cria\u00e7\u00f5es. Embora fa\u00e7a a maioria das suas pe\u00e7as \u00e0 m\u00e3o, menciona que, para pedidos que envolvem tecidos, precisa recorrer a um costureiro, pois ainda n\u00e3o possui uma m\u00e1quina de costura. reporta o ANa\u00e7\u00e3o. <\/p>\n\n\n\n<p>Segundo Eveline, o tempo de produ\u00e7\u00e3o varia de acordo com o modelo e o tamanho das pe\u00e7as. E que um biqu\u00edni simples leva um dia, quase dois, para serem feitos, enquanto um conjunto de tr\u00eas pe\u00e7as (short ou saia com o biqu\u00edni) pode levar quatro a seis dias para estarem prontos.<\/p>\n\n\n\n<p>Com um olhar voltado para o futuro, Eveline tem planos de expandir o seu neg\u00f3cio e fala em ensinar aos outros \u201co pouco\u201d que sabe, visando assim abrir uma loja gerando empregos.<\/p>\n\n\n\n<p><\/p>\n","protected":false},"excerpt":{"rendered":"<p>Eveline Robalo Ramos, de 23 anos, mora em S\u00e3o Pedro, concelho da Praia, e faz da sua paix\u00e3o pelo croch\u00ea um neg\u00f3cio. Formanda em Ci\u00eancias da Comunica\u00e7\u00e3o, vertente jornalismo, aprendeu a fazer croch\u00ea aos oito anos com uma vizinha, e desde ent\u00e3o n\u00e3o parou. Actualmente tem uma p\u00e1gina no Facebook, de nome \u201cLinhaArts_Cv\u201d, e pretende<br \/><a class=\"moretag\" href=\"https:\/\/radiocomercial.cv\/?p=1542\">+ Read More<\/a><\/p>\n","protected":false},"author":2,"featured_media":1543,"comment_status":"open","ping_status":"open","sticky":false,"template":"","format":"standard","meta":{"footnotes":""},"categories":[6],"tags":[],"class_list":["post-1542","post","type-post","status-publish","format-standard","has-post-thumbnail","hentry","category-noticias"],"featured_image_src":"https:\/\/radiocomercial.cv\/wp-content\/uploads\/2024\/09\/eveline-ramos-linhartscv-croche.jpg","featured_image_src_square":"https:\/\/radiocomercial.cv\/wp-content\/uploads\/2024\/09\/eveline-ramos-linhartscv-croche.jpg","author_info":{"display_name":"Radio Comercial","author_link":"https:\/\/radiocomercial.cv\/?author=2"},"rbea_author_info":{"display_name":"Radio Comercial","author_link":"https:\/\/radiocomercial.cv\/?author=2"},"rbea_excerpt_info":"Eveline Robalo Ramos, de 23 anos, mora em S\u00e3o Pedro, concelho da Praia, e faz da sua paix\u00e3o pelo croch\u00ea um neg\u00f3cio. Formanda em Ci\u00eancias da Comunica\u00e7\u00e3o, vertente jornalismo, aprendeu a fazer croch\u00ea aos oito anos com uma vizinha, e desde ent\u00e3o n\u00e3o parou. Actualmente tem uma p\u00e1gina no Facebook, de nome \u201cLinhaArts_Cv\u201d, e pretende<br><a class=\"moretag\" href=\"https:\/\/radiocomercial.cv\/?p=1542\">+ Read More<\/a>","category_list":"<a href=\"https:\/\/radiocomercial.cv\/?cat=6\" rel=\"category\">Noticias<\/a>","comments_num":"0 comments","_links":{"self":[{"href":"https:\/\/radiocomercial.cv\/index.php?rest_route=\/wp\/v2\/posts\/1542","targetHints":{"allow":["GET"]}}],"collection":[{"href":"https:\/\/radiocomercial.cv\/index.php?rest_route=\/wp\/v2\/posts"}],"about":[{"href":"https:\/\/radiocomercial.cv\/index.php?rest_route=\/wp\/v2\/types\/post"}],"author":[{"embeddable":true,"href":"https:\/\/radiocomercial.cv\/index.php?rest_route=\/wp\/v2\/users\/2"}],"replies":[{"embeddable":true,"href":"https:\/\/radiocomercial.cv\/index.php?rest_route=%2Fwp%2Fv2%2Fcomments&post=1542"}],"version-history":[{"count":1,"href":"https:\/\/radiocomercial.cv\/index.php?rest_route=\/wp\/v2\/posts\/1542\/revisions"}],"predecessor-version":[{"id":1544,"href":"https:\/\/radiocomercial.cv\/index.php?rest_route=\/wp\/v2\/posts\/1542\/revisions\/1544"}],"wp:featuredmedia":[{"embeddable":true,"href":"https:\/\/radiocomercial.cv\/index.php?rest_route=\/wp\/v2\/media\/1543"}],"wp:attachment":[{"href":"https:\/\/radiocomercial.cv\/index.php?rest_route=%2Fwp%2Fv2%2Fmedia&parent=1542"}],"wp:term":[{"taxonomy":"category","embeddable":true,"href":"https:\/\/radiocomercial.cv\/index.php?rest_route=%2Fwp%2Fv2%2Fcategories&post=1542"},{"taxonomy":"post_tag","embeddable":true,"href":"https:\/\/radiocomercial.cv\/index.php?rest_route=%2Fwp%2Fv2%2Ftags&post=1542"}],"curies":[{"name":"wp","href":"https:\/\/api.w.org\/{rel}","templated":true}]}}