{"id":1556,"date":"2024-10-02T11:37:52","date_gmt":"2024-10-02T11:37:52","guid":{"rendered":"https:\/\/radiocomercial.cv\/?p=1556"},"modified":"2024-10-02T11:40:38","modified_gmt":"2024-10-02T11:40:38","slug":"premio-nacional-de-publicidade-almeja-valorizar-capacidade-nacional-na-criacao-de-conteudos","status":"publish","type":"post","link":"https:\/\/radiocomercial.cv\/?p=1556","title":{"rendered":"Pr\u00e9mio Nacional de Publicidade almeja valorizar capacidade nacional na cria\u00e7\u00e3o de conte\u00fados"},"content":{"rendered":"\n<p><strong>A directora do Pr\u00e9mio Nacional de Publicidade (PNP) defendeu a necessidade de valorizar a capacidade nacional na cria\u00e7\u00e3o de conte\u00fados, solu\u00e7\u00f5es e estrat\u00e9gias de marketing para o mercado cabo-verdiano.<\/strong><\/p>\n\n\n\n<p>Maria Martins falava \u00e0 imprensa, na cidade da Praia, no encerramento do workshop \u201cUm mergulho no cinema africano\u201d, realizado no Pal\u00e1cio da Cultura Ildo Lobo, no \u00e2mbito da programa\u00e7\u00e3o da 7\u00aa edi\u00e7\u00e3o do Pr\u00e9mio Nacional de Publicidade.<\/p>\n\n\n\n<p>O evento, que contou com a participa\u00e7\u00e3o de profissionais da \u00e1rea de comunica\u00e7\u00e3o e marketing, teve como formador o renomado cineasta brasileiro Joel Zito Ara\u00fajo, cuja carreira tem na \u00c1frica sua tem\u00e1tica.<\/p>\n\n\n\n<p>\u201cComo empresa de marketing, n\u00f3s criamos e sentimos a necessidade de a capacidade nacional ser valorizada. Quando eu falo da capacidade nacional, capacidade em termos de cria\u00e7\u00e3o de conte\u00fados, cria\u00e7\u00e3o de solu\u00e7\u00f5es e estrat\u00e9gias de marketing para o nosso mercado\u201d, afian\u00e7ou.<\/p>\n\n\n\n<p>Segundo Maria Martins, a miss\u00e3o da organiza\u00e7\u00e3o \u00e9 muito mais do que uma simples premia\u00e7\u00e3o, reporta \u00e0 Inforpress.<\/p>\n\n\n\n<p>\u201cCostumo dizer que o pr\u00e9mio \u00e9 mais do que uma gala, o pr\u00e9mio \u00e9 uma comunidade, uma comunidade que queremos que seja o mais alargada poss\u00edvel\u201d, considerou a directora da PNP justificando a vinda do cineasta a Cabo Verde para partilhar a sua experi\u00eancia.<\/p>\n\n\n\n<p>Durante o workshop, Joel Zito Ara\u00fajo compartilhou suas experi\u00eancias sobre a evolu\u00e7\u00e3o do cinema africano, abordando desde os pioneiros at\u00e9 as produ\u00e7\u00f5es mais recentes que moldam a narrativa cinematogr\u00e1fica do continente.<\/p>\n\n\n\n<p>Segundo Maria Martins, a hist\u00f3ria tamb\u00e9m permitiu que os profissionais participantes desse workshop sa\u00edssem \u201cmais enriquecidos\u201d nas v\u00e1rias narrativas que o cinema africano apresenta.<\/p>\n\n\n\n<p>O presidente da Associa\u00e7\u00e3o de Cinema e Audiovisual em Cabo Verde (ACACV), J\u00falio Silv\u00e3o Tavares, que participou da forma\u00e7\u00e3o, tamb\u00e9m destacou a import\u00e2ncia de iniciativas como essa para o desenvolvimento da cinematografia local.<\/p>\n\n\n\n<p>Aquele respons\u00e1vel ressaltou que Cabo Verde deve continuar a se inspirar nas produ\u00e7\u00f5es africanas para fortalecer a sua pr\u00f3pria ind\u00fastria cinematogr\u00e1fica.<\/p>\n\n\n\n<p>\u201cPrecisamos mergulhar nos filmes feitos por africanos, com uma vis\u00e3o africana, para contar nossas pr\u00f3prias hist\u00f3rias com autenticidade\u201d, enfatizou J\u00falio Silv\u00e3o Tavares.<\/p>\n\n\n\n<p>Vale destacar que o PNP \u00e9 da autoria da EME-Marketing &amp; Eventos, organizado com a parceria institucional do Minist\u00e9rio da Cultura e das Ind\u00fastrias Criativas, que \u00e9 tamb\u00e9m o padrinho do Pr\u00e9mio.<\/p>\n","protected":false},"excerpt":{"rendered":"<p>A directora do Pr\u00e9mio Nacional de Publicidade (PNP) defendeu a necessidade de valorizar a capacidade nacional na cria\u00e7\u00e3o de conte\u00fados, solu\u00e7\u00f5es e estrat\u00e9gias de marketing para o mercado cabo-verdiano. Maria Martins falava \u00e0 imprensa, na cidade da Praia, no encerramento do workshop \u201cUm mergulho no cinema africano\u201d, realizado no Pal\u00e1cio da Cultura Ildo Lobo, no<br \/><a class=\"moretag\" href=\"https:\/\/radiocomercial.cv\/?p=1556\">+ Read More<\/a><\/p>\n","protected":false},"author":2,"featured_media":1558,"comment_status":"open","ping_status":"open","sticky":false,"template":"","format":"standard","meta":{"footnotes":""},"categories":[6],"tags":[],"class_list":["post-1556","post","type-post","status-publish","format-standard","has-post-thumbnail","hentry","category-noticias"],"featured_image_src":"https:\/\/radiocomercial.cv\/wp-content\/uploads\/2024\/10\/Prenio-Nacional-de-Publicidade.jpg","featured_image_src_square":"https:\/\/radiocomercial.cv\/wp-content\/uploads\/2024\/10\/Prenio-Nacional-de-Publicidade.jpg","author_info":{"display_name":"Radio Comercial","author_link":"https:\/\/radiocomercial.cv\/?author=2"},"rbea_author_info":{"display_name":"Radio Comercial","author_link":"https:\/\/radiocomercial.cv\/?author=2"},"rbea_excerpt_info":"A directora do Pr\u00e9mio Nacional de Publicidade (PNP) defendeu a necessidade de valorizar a capacidade nacional na cria\u00e7\u00e3o de conte\u00fados, solu\u00e7\u00f5es e estrat\u00e9gias de marketing para o mercado cabo-verdiano. Maria Martins falava \u00e0 imprensa, na cidade da Praia, no encerramento do workshop \u201cUm mergulho no cinema africano\u201d, realizado no Pal\u00e1cio da Cultura Ildo Lobo, no<br><a class=\"moretag\" href=\"https:\/\/radiocomercial.cv\/?p=1556\">+ Read More<\/a>","category_list":"<a href=\"https:\/\/radiocomercial.cv\/?cat=6\" rel=\"category\">Noticias<\/a>","comments_num":"0 comments","_links":{"self":[{"href":"https:\/\/radiocomercial.cv\/index.php?rest_route=\/wp\/v2\/posts\/1556","targetHints":{"allow":["GET"]}}],"collection":[{"href":"https:\/\/radiocomercial.cv\/index.php?rest_route=\/wp\/v2\/posts"}],"about":[{"href":"https:\/\/radiocomercial.cv\/index.php?rest_route=\/wp\/v2\/types\/post"}],"author":[{"embeddable":true,"href":"https:\/\/radiocomercial.cv\/index.php?rest_route=\/wp\/v2\/users\/2"}],"replies":[{"embeddable":true,"href":"https:\/\/radiocomercial.cv\/index.php?rest_route=%2Fwp%2Fv2%2Fcomments&post=1556"}],"version-history":[{"count":1,"href":"https:\/\/radiocomercial.cv\/index.php?rest_route=\/wp\/v2\/posts\/1556\/revisions"}],"predecessor-version":[{"id":1557,"href":"https:\/\/radiocomercial.cv\/index.php?rest_route=\/wp\/v2\/posts\/1556\/revisions\/1557"}],"wp:featuredmedia":[{"embeddable":true,"href":"https:\/\/radiocomercial.cv\/index.php?rest_route=\/wp\/v2\/media\/1558"}],"wp:attachment":[{"href":"https:\/\/radiocomercial.cv\/index.php?rest_route=%2Fwp%2Fv2%2Fmedia&parent=1556"}],"wp:term":[{"taxonomy":"category","embeddable":true,"href":"https:\/\/radiocomercial.cv\/index.php?rest_route=%2Fwp%2Fv2%2Fcategories&post=1556"},{"taxonomy":"post_tag","embeddable":true,"href":"https:\/\/radiocomercial.cv\/index.php?rest_route=%2Fwp%2Fv2%2Ftags&post=1556"}],"curies":[{"name":"wp","href":"https:\/\/api.w.org\/{rel}","templated":true}]}}