{"id":1618,"date":"2024-10-24T12:52:06","date_gmt":"2024-10-24T12:52:06","guid":{"rendered":"https:\/\/radiocomercial.cv\/?p=1618"},"modified":"2024-10-24T12:52:07","modified_gmt":"2024-10-24T12:52:07","slug":"cabo-verde-com-chuva-acima-da-media-este-ano-inmg","status":"publish","type":"post","link":"https:\/\/radiocomercial.cv\/?p=1618","title":{"rendered":"Cabo Verde com chuva acima da m\u00e9dia este ano &#8211; INMG"},"content":{"rendered":"\n<p><strong>A \u00e9poca das chuvas que est\u00e1 a terminar trouxe este ano precipita\u00e7\u00e3o acima da m\u00e9dia, disse hoje \u00e0 Lusa a administradora executiva do Instituto Nacional de Meteorologia e Geof\u00edsica (INMG), Denise de Pina.<\/strong><\/p>\n\n\n\n<p>\u201cA m\u00e9dia climatol\u00f3gica para o per\u00edodo 1991-2020 \u00e9 de 240 mil\u00edmetros e a m\u00e9dia desde ano \u00e9 de 278 mil\u00edmetros, ou seja, ligeiramente acima na ordem dos 15%\u201d, referiu.<\/p>\n\n\n\n<p>Os n\u00fameros batem certo com as previs\u00f5es que apontavam para uma temporada com pluviosidade normal ou acima da m\u00e9dia.<\/p>\n\n\n\n<p>Tal como noutros anos, Santo Ant\u00e3o (m\u00e9dia de 495 mm) foi a ilha com mais chuva e Sal a mais seca, com a precipita\u00e7\u00e3o m\u00e9dia acumulada a ficar limitada a uma altura de 30 mil\u00edmetros.<\/p>\n\n\n\n<p>O pa\u00eds s\u00f3 dever\u00e1 voltar a receber chuva daqui a nove meses, salvo em lugares mais altos, pelo que a precipita\u00e7\u00e3o que costuma cair entre Julho e Outubro \u00e9 determinante para parte da produ\u00e7\u00e3o agr\u00edcola e pastagens, assim como para renovar nascentes.<\/p>\n\n\n\n<p>Este ano ficou caracterizado por&nbsp;<a href=\"https:\/\/expressodasilhas.cv\/pais\/2024\/09\/15\/la-nina-e-ventos-de-norte-e-leste-reduziram-chuva-em-cabo-verde\/93268\" target=\"_blank\" rel=\"noreferrer noopener\">chuvas mais tardias<\/a>.<\/p>\n\n\n\n<p>Apesar de a \u00e9poca ter arrancado em 08 de Julho, dentro do intervalo habitual, seguiu-se \u201cum longo per\u00edodo de seca\u201d, explicou Denise de Pina, uma fase que s\u00f3 seria contrariada em Setembro e Outubro.<\/p>\n\n\n\n<p>Os meteorologistas est\u00e3o a estudar a influ\u00eancia de um novo fen\u00f3meno oce\u00e2nico.<\/p>\n\n\n\n<p>\u201cEste ano houve um fen\u00f3meno sem precedentes\u201d semelhante ao \u2018La Ni\u00f1a\u2019, s\u00f3 que no oceano Atl\u00e2ntico, referiu a meteorologista.<\/p>\n\n\n\n<p>O nome costuma ser dado a um arrefecimento c\u00edclico do oceano Pac\u00edfico, que depois influencia as correntes atmosf\u00e9ricas em todo o mundo.<\/p>\n\n\n\n<p>\u201cEste ano houve \u00e1guas mais frias que o habitual no Atl\u00e2ntico e talvez isso tenha condicionado\u201d a \u00e9poca das chuvas em Cabo Verde, fazendo com que a precipita\u00e7\u00e3o tenha ocorrido mais tarde, quando o mar aqueceu o suficiente para fazer subir a humidade, criando nuvens.<\/p>\n\n\n\n<p>Aquela ocorr\u00eancia in\u00e9dita est\u00e1 \u201cem estudo\u201d para se tentar entender \u201cas suas origens e frequ\u00eancia\u201d, acrescentou.<\/p>\n\n\n\n<p>Com o fim da \u00e9poca das chuvas o pa\u00eds entra agora na fase seca, conforme o padr\u00e3o anual.<\/p>\n\n\n\n<p>A partir de Novembro e at\u00e9 Mar\u00e7o, surge a probabilidade de ocorr\u00eancia de bruma seca, dias com maior concentra\u00e7\u00e3o de poeiras do deserto do Saara, em circula\u00e7\u00e3o de \u00c1frica para o Atl\u00e2ntico, com Cabo Verde sob este caminho natural pela atmosfera.<\/p>\n","protected":false},"excerpt":{"rendered":"<p>A \u00e9poca das chuvas que est\u00e1 a terminar trouxe este ano precipita\u00e7\u00e3o acima da m\u00e9dia, disse hoje \u00e0 Lusa a administradora executiva do Instituto Nacional de Meteorologia e Geof\u00edsica (INMG), Denise de Pina. \u201cA m\u00e9dia climatol\u00f3gica para o per\u00edodo 1991-2020 \u00e9 de 240 mil\u00edmetros e a m\u00e9dia desde ano \u00e9 de 278 mil\u00edmetros, ou seja,<br \/><a class=\"moretag\" href=\"https:\/\/radiocomercial.cv\/?p=1618\">+ Read More<\/a><\/p>\n","protected":false},"author":2,"featured_media":1619,"comment_status":"open","ping_status":"open","sticky":false,"template":"","format":"standard","meta":{"footnotes":""},"categories":[6],"tags":[],"class_list":["post-1618","post","type-post","status-publish","format-standard","has-post-thumbnail","hentry","category-noticias"],"featured_image_src":"https:\/\/radiocomercial.cv\/wp-content\/uploads\/2024\/10\/chuvas-INMG.jpg","featured_image_src_square":"https:\/\/radiocomercial.cv\/wp-content\/uploads\/2024\/10\/chuvas-INMG.jpg","author_info":{"display_name":"Radio Comercial","author_link":"https:\/\/radiocomercial.cv\/?author=2"},"rbea_author_info":{"display_name":"Radio Comercial","author_link":"https:\/\/radiocomercial.cv\/?author=2"},"rbea_excerpt_info":"A \u00e9poca das chuvas que est\u00e1 a terminar trouxe este ano precipita\u00e7\u00e3o acima da m\u00e9dia, disse hoje \u00e0 Lusa a administradora executiva do Instituto Nacional de Meteorologia e Geof\u00edsica (INMG), Denise de Pina. \u201cA m\u00e9dia climatol\u00f3gica para o per\u00edodo 1991-2020 \u00e9 de 240 mil\u00edmetros e a m\u00e9dia desde ano \u00e9 de 278 mil\u00edmetros, ou seja,<br><a class=\"moretag\" href=\"https:\/\/radiocomercial.cv\/?p=1618\">+ Read More<\/a>","category_list":"<a href=\"https:\/\/radiocomercial.cv\/?cat=6\" rel=\"category\">Noticias<\/a>","comments_num":"0 comments","_links":{"self":[{"href":"https:\/\/radiocomercial.cv\/index.php?rest_route=\/wp\/v2\/posts\/1618","targetHints":{"allow":["GET"]}}],"collection":[{"href":"https:\/\/radiocomercial.cv\/index.php?rest_route=\/wp\/v2\/posts"}],"about":[{"href":"https:\/\/radiocomercial.cv\/index.php?rest_route=\/wp\/v2\/types\/post"}],"author":[{"embeddable":true,"href":"https:\/\/radiocomercial.cv\/index.php?rest_route=\/wp\/v2\/users\/2"}],"replies":[{"embeddable":true,"href":"https:\/\/radiocomercial.cv\/index.php?rest_route=%2Fwp%2Fv2%2Fcomments&post=1618"}],"version-history":[{"count":1,"href":"https:\/\/radiocomercial.cv\/index.php?rest_route=\/wp\/v2\/posts\/1618\/revisions"}],"predecessor-version":[{"id":1620,"href":"https:\/\/radiocomercial.cv\/index.php?rest_route=\/wp\/v2\/posts\/1618\/revisions\/1620"}],"wp:featuredmedia":[{"embeddable":true,"href":"https:\/\/radiocomercial.cv\/index.php?rest_route=\/wp\/v2\/media\/1619"}],"wp:attachment":[{"href":"https:\/\/radiocomercial.cv\/index.php?rest_route=%2Fwp%2Fv2%2Fmedia&parent=1618"}],"wp:term":[{"taxonomy":"category","embeddable":true,"href":"https:\/\/radiocomercial.cv\/index.php?rest_route=%2Fwp%2Fv2%2Fcategories&post=1618"},{"taxonomy":"post_tag","embeddable":true,"href":"https:\/\/radiocomercial.cv\/index.php?rest_route=%2Fwp%2Fv2%2Ftags&post=1618"}],"curies":[{"name":"wp","href":"https:\/\/api.w.org\/{rel}","templated":true}]}}