{"id":1621,"date":"2024-10-24T16:14:20","date_gmt":"2024-10-24T16:14:20","guid":{"rendered":"https:\/\/radiocomercial.cv\/?p=1621"},"modified":"2024-10-24T16:14:21","modified_gmt":"2024-10-24T16:14:21","slug":"sao-filipe-convida-ja-arrancaram-com-gravacoes-do-programa-aci","status":"publish","type":"post","link":"https:\/\/radiocomercial.cv\/?p=1621","title":{"rendered":"\u201cS\u00e3o Filipe Convida\u201d j\u00e1 arrancaram com grava\u00e7\u00f5es do programa\u00a0&#8211; ACI"},"content":{"rendered":"\n<p><strong>A Ag\u00eancia Cabo-verdiana de Imagens (ACI) e a R\u00e1dio e Televis\u00e3o de Portugal (RTP), come\u00e7aram esta ter\u00e7a, 22, \u00e0s grava\u00e7\u00f5es do programa \u201cS\u00e3o Filipe Convida\u201d. Trata-se de uma s\u00e9rie, de oito epis\u00f3dios, que d\u00e1 continuidade ao programa Mindelo Convida e Cidade Velha Convida.<\/strong><\/p>\n\n\n\n<p>Segundo uma nota da ACI, o \u201cS\u00e3o Filipe Convida\u201d \u00e9 um programa de m\u00fasica ao vivo gravado na Pra\u00e7a 4 de setembro, a pra\u00e7a onde se situa a sede do munic\u00edpio, de S\u00e3o Filipe.<\/p>\n\n\n\n<p>Para a concretiza\u00e7\u00e3o deste projecto, a Ag\u00eancia Cabo-verdiana de Imagens disse que conta com uma vasta equipa de profissionais que, durante aproximadamente tr\u00eas semanas ir\u00e3o gravar os oito epis\u00f3dios da s\u00e9rie.<\/p>\n\n\n\n<p>\u201c\u00c0 semelhan\u00e7a dos programas j\u00e1 produzidos, o objectivo \u00e9 concretizar um formato televisivo de promo\u00e7\u00e3o e divulga\u00e7\u00e3o da m\u00fasica e do destino Cabo Verde, nos canais da RTP\u201d, indica.<\/p>\n\n\n\n<p>Em cada epis\u00f3dio um m\u00fasico de renome, interpreta o seu repert\u00f3rio com uma banda residente, composta por alguns dos mais talentosos instrumentistas nacionais.<\/p>\n\n\n\n<p>A ideia \u00e9 divulgar os novos ritmos e sonoridades da m\u00fasica cabo-verdiana e explorar a fus\u00e3o entre os ritmos tradicionais e os mais contempor\u00e2neos, num modelo de caf\u00e9 concerto.<\/p>\n\n\n\n<p>O programa \u201cS\u00e3o Filipe Convida\u201d tem apresenta\u00e7\u00e3o de Soraia Deus e a direc\u00e7\u00e3o musical de Kaku Alves e Khaly. Fazem parte da banda Kaku Alves e Palinh Vieira (guitarras), Khaly (teclado), Heber (baixo), Magik Santiago (bateria), Marcos Sousa (sax), Ivan Medina (cavaquinho) e Sivy (backvocal).<\/p>\n\n\n\n<p>Nesta s\u00e9rie de 8 epis\u00f3dios, o \u201cS\u00e3o Filipe Convida\u201d recebe Assol Garcia, Lucibela, Neuza de Pina, Fatt\u00fa Djakit\u00e9, Neyna, H\u00e9lio Batalha, Zubikilla e Loony Johnson.<\/p>\n\n\n\n<p>As restantes grava\u00e7\u00f5es acontecem nos dias 24, 26, 28, 30 de Outubro e 1, 3 e 5 de Novembro.<\/p>\n\n\n\n<p>O programa, conforme a mesma fonte tem o patroc\u00ednio oficial do Instituto do Turismo e Banco Interatl\u00e2ntico e conta com o apoio \u00e0 produ\u00e7\u00e3o da C\u00e2mara Municipal de S\u00e3o Filipe, Cabo Verde Airlines, Casas do Sol, Minist\u00e9rio da Cultura e das Ind\u00fastrias Criativas, Hotel Bamboo Xaguate e Santiago Hotel.<\/p>\n\n\n\n<p><\/p>\n","protected":false},"excerpt":{"rendered":"<p>A Ag\u00eancia Cabo-verdiana de Imagens (ACI) e a R\u00e1dio e Televis\u00e3o de Portugal (RTP), come\u00e7aram esta ter\u00e7a, 22, \u00e0s grava\u00e7\u00f5es do programa \u201cS\u00e3o Filipe Convida\u201d. Trata-se de uma s\u00e9rie, de oito epis\u00f3dios, que d\u00e1 continuidade ao programa Mindelo Convida e Cidade Velha Convida. Segundo uma nota da ACI, o \u201cS\u00e3o Filipe Convida\u201d \u00e9 um programa<br \/><a class=\"moretag\" href=\"https:\/\/radiocomercial.cv\/?p=1621\">+ Read More<\/a><\/p>\n","protected":false},"author":2,"featured_media":1622,"comment_status":"open","ping_status":"open","sticky":false,"template":"","format":"standard","meta":{"footnotes":""},"categories":[6],"tags":[],"class_list":["post-1621","post","type-post","status-publish","format-standard","has-post-thumbnail","hentry","category-noticias"],"featured_image_src":"https:\/\/radiocomercial.cv\/wp-content\/uploads\/2024\/10\/Sao-Felipe-convida-ACI-2024.jpg","featured_image_src_square":"https:\/\/radiocomercial.cv\/wp-content\/uploads\/2024\/10\/Sao-Felipe-convida-ACI-2024.jpg","author_info":{"display_name":"Radio Comercial","author_link":"https:\/\/radiocomercial.cv\/?author=2"},"rbea_author_info":{"display_name":"Radio Comercial","author_link":"https:\/\/radiocomercial.cv\/?author=2"},"rbea_excerpt_info":"A Ag\u00eancia Cabo-verdiana de Imagens (ACI) e a R\u00e1dio e Televis\u00e3o de Portugal (RTP), come\u00e7aram esta ter\u00e7a, 22, \u00e0s grava\u00e7\u00f5es do programa \u201cS\u00e3o Filipe Convida\u201d. Trata-se de uma s\u00e9rie, de oito epis\u00f3dios, que d\u00e1 continuidade ao programa Mindelo Convida e Cidade Velha Convida. Segundo uma nota da ACI, o \u201cS\u00e3o Filipe Convida\u201d \u00e9 um programa<br><a class=\"moretag\" href=\"https:\/\/radiocomercial.cv\/?p=1621\">+ Read More<\/a>","category_list":"<a href=\"https:\/\/radiocomercial.cv\/?cat=6\" rel=\"category\">Noticias<\/a>","comments_num":"0 comments","_links":{"self":[{"href":"https:\/\/radiocomercial.cv\/index.php?rest_route=\/wp\/v2\/posts\/1621","targetHints":{"allow":["GET"]}}],"collection":[{"href":"https:\/\/radiocomercial.cv\/index.php?rest_route=\/wp\/v2\/posts"}],"about":[{"href":"https:\/\/radiocomercial.cv\/index.php?rest_route=\/wp\/v2\/types\/post"}],"author":[{"embeddable":true,"href":"https:\/\/radiocomercial.cv\/index.php?rest_route=\/wp\/v2\/users\/2"}],"replies":[{"embeddable":true,"href":"https:\/\/radiocomercial.cv\/index.php?rest_route=%2Fwp%2Fv2%2Fcomments&post=1621"}],"version-history":[{"count":1,"href":"https:\/\/radiocomercial.cv\/index.php?rest_route=\/wp\/v2\/posts\/1621\/revisions"}],"predecessor-version":[{"id":1623,"href":"https:\/\/radiocomercial.cv\/index.php?rest_route=\/wp\/v2\/posts\/1621\/revisions\/1623"}],"wp:featuredmedia":[{"embeddable":true,"href":"https:\/\/radiocomercial.cv\/index.php?rest_route=\/wp\/v2\/media\/1622"}],"wp:attachment":[{"href":"https:\/\/radiocomercial.cv\/index.php?rest_route=%2Fwp%2Fv2%2Fmedia&parent=1621"}],"wp:term":[{"taxonomy":"category","embeddable":true,"href":"https:\/\/radiocomercial.cv\/index.php?rest_route=%2Fwp%2Fv2%2Fcategories&post=1621"},{"taxonomy":"post_tag","embeddable":true,"href":"https:\/\/radiocomercial.cv\/index.php?rest_route=%2Fwp%2Fv2%2Ftags&post=1621"}],"curies":[{"name":"wp","href":"https:\/\/api.w.org\/{rel}","templated":true}]}}