{"id":1624,"date":"2024-10-25T12:25:44","date_gmt":"2024-10-25T12:25:44","guid":{"rendered":"https:\/\/radiocomercial.cv\/?p=1624"},"modified":"2024-10-25T12:25:45","modified_gmt":"2024-10-25T12:25:45","slug":"ministerio-da-cultura-lanca-edital-fomento-as-artes","status":"publish","type":"post","link":"https:\/\/radiocomercial.cv\/?p=1624","title":{"rendered":"Minist\u00e9rio da Cultura lan\u00e7a edital &#8220;Fomento \u00e0s Artes\u201d"},"content":{"rendered":"\n<p><strong>O Minist\u00e9rio da Cultura e das Ind\u00fastrias Criativas (MCIC) lan\u00e7ou esta quinta-feira, 24, o edital &#8220;Fomento \u00e0s Artes\u201d, para o ano econ\u00f3mico de 2024. O edital visa apoiar os artistas, agentes e produtores nacionais e estrangeiros residentes no pa\u00eds.<\/strong><\/p>\n\n\n\n<p>Segundo o regulamento, constitui objecto deste edital a selec\u00e7\u00e3o de projectos art\u00edsticos aptos a receberem apoio financeiro do Minist\u00e9rio da Cultura e das Ind\u00fastrias Criativas, que consistem na aquisi\u00e7\u00e3o de bens, mat\u00e9ria prima e equipamentos para a materializa\u00e7\u00e3o destes no territ\u00f3rio nacional.<\/p>\n\n\n\n<p>Este edital tem como objectivo fomentar as artes e as ind\u00fastrias criativas, nas seguintes \u00e1reas: Artes Pl\u00e1sticas e Fotografia; Artesanato; Dan\u00e7a; Design e Moda; M\u00fasica e Teatro, avan\u00e7a o Expresso das ilhas.<\/p>\n\n\n\n<p>Conforme o regulamento, no caso dos candidatos com uma outra nacionalidade, estes devem possuir resid\u00eancia permanente numa das ilhas de Cabo Verde e demonstrar um percurso ativo, por mais de dois anos, na cena art\u00edstica \/ criativa nacional.&nbsp;<\/p>\n\n\n\n<p>Os projectos culturais devem ser enviados at\u00e9 o dia 09 de Novembro, atrav\u00e9s do link, dispon\u00edvel nas redes sociais do Minist\u00e9rio da Cultura.&nbsp;<\/p>\n\n\n\n<p>As candidaturas devem ser acompanhadas dos seguintes elementos: Ficha de projecto devidamente preenchida; Registo comercial da empresa; Declara\u00e7\u00e3o do NIF da empresa e do proponente e Declara\u00e7\u00e3o banc\u00e1ria da empresa (apenas ap\u00f3s a selec\u00e7\u00e3o da respectiva candidatura).<\/p>\n\n\n\n<p>Os projectos seleccionados receber\u00e3o financiamento no valor de 180 mil escudos, e esse montante ser\u00e1 transferido para a conta banc\u00e1ria da empresa do proponente.<\/p>\n\n\n\n<p>A lista dos projectos seleccionados e n\u00e3o seleccionados, ser\u00e1 divulgada na p\u00e1gina Facebook do Minist\u00e9rio da Cultura e das Ind\u00fastrias Criativas (MCIC).&nbsp;<\/p>\n","protected":false},"excerpt":{"rendered":"<p>O Minist\u00e9rio da Cultura e das Ind\u00fastrias Criativas (MCIC) lan\u00e7ou esta quinta-feira, 24, o edital &#8220;Fomento \u00e0s Artes\u201d, para o ano econ\u00f3mico de 2024. O edital visa apoiar os artistas, agentes e produtores nacionais e estrangeiros residentes no pa\u00eds. Segundo o regulamento, constitui objecto deste edital a selec\u00e7\u00e3o de projectos art\u00edsticos aptos a receberem apoio<br \/><a class=\"moretag\" href=\"https:\/\/radiocomercial.cv\/?p=1624\">+ Read More<\/a><\/p>\n","protected":false},"author":2,"featured_media":1625,"comment_status":"open","ping_status":"open","sticky":false,"template":"","format":"standard","meta":{"footnotes":""},"categories":[6],"tags":[],"class_list":["post-1624","post","type-post","status-publish","format-standard","has-post-thumbnail","hentry","category-noticias"],"featured_image_src":"https:\/\/radiocomercial.cv\/wp-content\/uploads\/2024\/10\/Fomento-as-artes-MCIC-2024.jpg","featured_image_src_square":"https:\/\/radiocomercial.cv\/wp-content\/uploads\/2024\/10\/Fomento-as-artes-MCIC-2024.jpg","author_info":{"display_name":"Radio Comercial","author_link":"https:\/\/radiocomercial.cv\/?author=2"},"rbea_author_info":{"display_name":"Radio Comercial","author_link":"https:\/\/radiocomercial.cv\/?author=2"},"rbea_excerpt_info":"O Minist\u00e9rio da Cultura e das Ind\u00fastrias Criativas (MCIC) lan\u00e7ou esta quinta-feira, 24, o edital &#8220;Fomento \u00e0s Artes\u201d, para o ano econ\u00f3mico de 2024. O edital visa apoiar os artistas, agentes e produtores nacionais e estrangeiros residentes no pa\u00eds. Segundo o regulamento, constitui objecto deste edital a selec\u00e7\u00e3o de projectos art\u00edsticos aptos a receberem apoio<br><a class=\"moretag\" href=\"https:\/\/radiocomercial.cv\/?p=1624\">+ Read More<\/a>","category_list":"<a href=\"https:\/\/radiocomercial.cv\/?cat=6\" rel=\"category\">Noticias<\/a>","comments_num":"0 comments","_links":{"self":[{"href":"https:\/\/radiocomercial.cv\/index.php?rest_route=\/wp\/v2\/posts\/1624","targetHints":{"allow":["GET"]}}],"collection":[{"href":"https:\/\/radiocomercial.cv\/index.php?rest_route=\/wp\/v2\/posts"}],"about":[{"href":"https:\/\/radiocomercial.cv\/index.php?rest_route=\/wp\/v2\/types\/post"}],"author":[{"embeddable":true,"href":"https:\/\/radiocomercial.cv\/index.php?rest_route=\/wp\/v2\/users\/2"}],"replies":[{"embeddable":true,"href":"https:\/\/radiocomercial.cv\/index.php?rest_route=%2Fwp%2Fv2%2Fcomments&post=1624"}],"version-history":[{"count":1,"href":"https:\/\/radiocomercial.cv\/index.php?rest_route=\/wp\/v2\/posts\/1624\/revisions"}],"predecessor-version":[{"id":1626,"href":"https:\/\/radiocomercial.cv\/index.php?rest_route=\/wp\/v2\/posts\/1624\/revisions\/1626"}],"wp:featuredmedia":[{"embeddable":true,"href":"https:\/\/radiocomercial.cv\/index.php?rest_route=\/wp\/v2\/media\/1625"}],"wp:attachment":[{"href":"https:\/\/radiocomercial.cv\/index.php?rest_route=%2Fwp%2Fv2%2Fmedia&parent=1624"}],"wp:term":[{"taxonomy":"category","embeddable":true,"href":"https:\/\/radiocomercial.cv\/index.php?rest_route=%2Fwp%2Fv2%2Fcategories&post=1624"},{"taxonomy":"post_tag","embeddable":true,"href":"https:\/\/radiocomercial.cv\/index.php?rest_route=%2Fwp%2Fv2%2Ftags&post=1624"}],"curies":[{"name":"wp","href":"https:\/\/api.w.org\/{rel}","templated":true}]}}