{"id":1630,"date":"2024-10-29T18:22:39","date_gmt":"2024-10-29T18:22:39","guid":{"rendered":"https:\/\/radiocomercial.cv\/?p=1630"},"modified":"2024-10-29T18:22:40","modified_gmt":"2024-10-29T18:22:40","slug":"igreja-deve-acelerar-processos-em-casos-de-abusos-de-menores-defende-comissao-criada-pelo-papa","status":"publish","type":"post","link":"https:\/\/radiocomercial.cv\/?p=1630","title":{"rendered":"Igreja deve acelerar processos em casos de abusos de menores, defende comiss\u00e3o criada pelo Papa"},"content":{"rendered":"\n<p><strong>A Igreja Cat\u00f3lica deve acelerar os processos civis e can\u00f3nicos relativos a abusos sexuais, tanto no afastamento dos cl\u00e9rigos implicados como na compensa\u00e7\u00e3o \u00e0s v\u00edtimas, defende a comiss\u00e3o pont\u00edfica para protec\u00e7\u00e3o de menores criada pelo papa Francisco.<\/strong><\/p>\n\n\n\n<p>Numa confer\u00eancia de imprensa no Vaticano, a comiss\u00e3o criada pelo papa em 2014 para fazer face ao flagelo de abusos de menores na Igreja apresentou hoje o seu primeiro relat\u00f3rio anual sobre as \u00abpol\u00edticas e procedimentos da Igreja para a prote\u00e7\u00e3o\u00bb das v\u00edtimas, um documento com cerca de 50 p\u00e1ginas, na qual \u00e9 reconhecido que as v\u00edtimas continuam a sofrer processos civis e can\u00f3nicos que s\u00e3o &#8220;opacos&#8221;, &#8220;dif\u00edceis&#8221; e &#8220;lentos&#8221;, prolongando o seu sofrimento.<\/p>\n\n\n\n<p>Nesse sentido, a comiss\u00e3o, chefiada pelo arcebispo de Boston, o cardeal Sean O&#8217;Malley, apela a que se &#8220;garanta uma gest\u00e3o eficaz, r\u00e1pida e rigorosa&#8221; de cada caso de abuso, com &#8220;um melhor acesso das v\u00edtimas&#8221; \u00e0 informa\u00e7\u00e3o de que necessitam para &#8220;enfrentar o problema da opacidade&#8221;, assim como a indemniza\u00e7\u00f5es, clarificando tamb\u00e9m o papel de cada dicast\u00e9rio da c\u00faria romana.<\/p>\n\n\n\n<p>Este &#8220;relat\u00f3rio-piloto&#8221; da comiss\u00e3o de prote\u00e7\u00e3o das v\u00edtimas de abusos na Igreja, que analisou um total de 20 pa\u00edses e v\u00e1rias institui\u00e7\u00f5es e congrega\u00e7\u00f5es religiosas, defende ent\u00e3o &#8220;a necessidade de racionalizar e acelerar o processo de demiss\u00e3o do cargo&#8221; assumido pelos cl\u00e9rigos envolvidos, ainda que sem especificar se este deve ter lugar em caso de suspeita e den\u00fancia ou no final de um processo judicial, can\u00f3nico ou civil, acrescentando apenas &#8220;quando se justificar&#8221;.<\/p>\n\n\n\n<p>Entre outras recomenda\u00e7\u00f5es emitidas neste relat\u00f3rio, a comiss\u00e3o liderada pelo cardeal norte-americano O&#8217;Malley apela tamb\u00e9m a uma &#8220;maior transpar\u00eancia&#8221; do gabinete de abusos sexuais do Vaticano, o Dicast\u00e9rio para a Doutrina da F\u00e9, sublinhando que o lento processamento dos casos e o secretismo do gabinete agrava os traumas das v\u00edtimas, avan\u00e7a o Expresso das ilhas.<\/p>\n\n\n\n<p>A sua recusa em publicar estat\u00edsticas ou a sua pr\u00f3pria jurisprud\u00eancia continua &#8220;a fomentar a desconfian\u00e7a entre os fi\u00e9is, especialmente a comunidade de v\u00edtimas e sobreviventes&#8221;, acrescenta.<\/p>\n\n\n\n<p>A comiss\u00e3o aponta ainda que os casos de abuso n\u00e3o dizem respeito apenas a menores, mas s\u00e3o tamb\u00e9m reconhecidos pela Igreja como envolvendo adultos &#8220;vulner\u00e1veis&#8221;, raz\u00e3o pela qual defende o desenvolvimento de &#8220;uma defini\u00e7\u00e3o mais uniforme de vulnerabilidade&#8221;.<\/p>\n\n\n\n<p>Na confer\u00eancia de imprensa de apresenta\u00e7\u00e3o deste primeiro relat\u00f3rio, o chefe da comiss\u00e3o do Vaticano que combate os abusos sexuais de menores na Igreja Cat\u00f3lica garantiu \u00e0s v\u00edtimas que ser\u00e1 feito &#8220;todo o poss\u00edvel&#8221; para que estes casos &#8220;n\u00e3o voltem a suceder&#8221;, admitindo uma vez mais que a Igreja &#8220;falhou&#8221;.<\/p>\n\n\n\n<p>&#8220;Queremos deixar algo muito claro: o trabalho desta comiss\u00e3o, incluindo este relat\u00f3rio, tem sido sempre em torno do reconhecimento e da inclus\u00e3o de v\u00edtimas de abuso [&#8230;] Louvamos os vossos testemunhos corajosos e reconhecemos que provavelmente est\u00e3o cansados de palavras ocas. Como Igreja, falh\u00e1mos e n\u00e3o vos defendemos e n\u00e3o vos escut\u00e1mos quando precisavam mais de n\u00f3s&#8221;, disse, reiterando &#8220;o firme compromisso no sentido de que estes eventos n\u00e3o voltem a suceder na Igreja&#8221;, no que classificou como &#8220;tempos obscuros&#8221;.<\/p>\n","protected":false},"excerpt":{"rendered":"<p>A Igreja Cat\u00f3lica deve acelerar os processos civis e can\u00f3nicos relativos a abusos sexuais, tanto no afastamento dos cl\u00e9rigos implicados como na compensa\u00e7\u00e3o \u00e0s v\u00edtimas, defende a comiss\u00e3o pont\u00edfica para protec\u00e7\u00e3o de menores criada pelo papa Francisco. Numa confer\u00eancia de imprensa no Vaticano, a comiss\u00e3o criada pelo papa em 2014 para fazer face ao flagelo<br \/><a class=\"moretag\" href=\"https:\/\/radiocomercial.cv\/?p=1630\">+ Read More<\/a><\/p>\n","protected":false},"author":2,"featured_media":1631,"comment_status":"open","ping_status":"open","sticky":false,"template":"","format":"standard","meta":{"footnotes":""},"categories":[6],"tags":[],"class_list":["post-1630","post","type-post","status-publish","format-standard","has-post-thumbnail","hentry","category-noticias"],"featured_image_src":"https:\/\/radiocomercial.cv\/wp-content\/uploads\/2024\/10\/Igreja-caso-de-abuso.jpg","featured_image_src_square":"https:\/\/radiocomercial.cv\/wp-content\/uploads\/2024\/10\/Igreja-caso-de-abuso.jpg","author_info":{"display_name":"Radio Comercial","author_link":"https:\/\/radiocomercial.cv\/?author=2"},"rbea_author_info":{"display_name":"Radio Comercial","author_link":"https:\/\/radiocomercial.cv\/?author=2"},"rbea_excerpt_info":"A Igreja Cat\u00f3lica deve acelerar os processos civis e can\u00f3nicos relativos a abusos sexuais, tanto no afastamento dos cl\u00e9rigos implicados como na compensa\u00e7\u00e3o \u00e0s v\u00edtimas, defende a comiss\u00e3o pont\u00edfica para protec\u00e7\u00e3o de menores criada pelo papa Francisco. Numa confer\u00eancia de imprensa no Vaticano, a comiss\u00e3o criada pelo papa em 2014 para fazer face ao flagelo<br><a class=\"moretag\" href=\"https:\/\/radiocomercial.cv\/?p=1630\">+ Read More<\/a>","category_list":"<a href=\"https:\/\/radiocomercial.cv\/?cat=6\" rel=\"category\">Noticias<\/a>","comments_num":"0 comments","_links":{"self":[{"href":"https:\/\/radiocomercial.cv\/index.php?rest_route=\/wp\/v2\/posts\/1630","targetHints":{"allow":["GET"]}}],"collection":[{"href":"https:\/\/radiocomercial.cv\/index.php?rest_route=\/wp\/v2\/posts"}],"about":[{"href":"https:\/\/radiocomercial.cv\/index.php?rest_route=\/wp\/v2\/types\/post"}],"author":[{"embeddable":true,"href":"https:\/\/radiocomercial.cv\/index.php?rest_route=\/wp\/v2\/users\/2"}],"replies":[{"embeddable":true,"href":"https:\/\/radiocomercial.cv\/index.php?rest_route=%2Fwp%2Fv2%2Fcomments&post=1630"}],"version-history":[{"count":1,"href":"https:\/\/radiocomercial.cv\/index.php?rest_route=\/wp\/v2\/posts\/1630\/revisions"}],"predecessor-version":[{"id":1632,"href":"https:\/\/radiocomercial.cv\/index.php?rest_route=\/wp\/v2\/posts\/1630\/revisions\/1632"}],"wp:featuredmedia":[{"embeddable":true,"href":"https:\/\/radiocomercial.cv\/index.php?rest_route=\/wp\/v2\/media\/1631"}],"wp:attachment":[{"href":"https:\/\/radiocomercial.cv\/index.php?rest_route=%2Fwp%2Fv2%2Fmedia&parent=1630"}],"wp:term":[{"taxonomy":"category","embeddable":true,"href":"https:\/\/radiocomercial.cv\/index.php?rest_route=%2Fwp%2Fv2%2Fcategories&post=1630"},{"taxonomy":"post_tag","embeddable":true,"href":"https:\/\/radiocomercial.cv\/index.php?rest_route=%2Fwp%2Fv2%2Ftags&post=1630"}],"curies":[{"name":"wp","href":"https:\/\/api.w.org\/{rel}","templated":true}]}}