{"id":1633,"date":"2024-10-29T18:26:51","date_gmt":"2024-10-29T18:26:51","guid":{"rendered":"https:\/\/radiocomercial.cv\/?p=1633"},"modified":"2024-10-29T18:26:52","modified_gmt":"2024-10-29T18:26:52","slug":"bertania-almeida-em-concerto-intimista-na-praia","status":"publish","type":"post","link":"https:\/\/radiocomercial.cv\/?p=1633","title":{"rendered":"Bert\u00e2nia Almeida em concerto intimista na Praia"},"content":{"rendered":"\n<p><strong>A cantora Bert\u00e2nia Almeida apresenta esta quinta-feira, 31, na cidade da Praia, o concerto intimista \u201cUm Porta Aberte\u201d. O concerto vai acontecer no P\u00e1tio Tchon di Morgado\u201d, do Pal\u00e1cio da Cultura Ildo Lobo\u201d, pelas 19h00.<\/strong><\/p>\n\n\n\n<p>O concerto \u00e9 produzido pela editora InSulada em parceria com o Pal\u00e1cio da Cultura Ildo Lobo e enquadrado nas noites que esta parceria faz acontecer, todas as \u00faltimas Quintas-Feiras de cada m\u00eas, com a selec\u00e7\u00e3o de m\u00fasicos escolhidos para este palco.<\/p>\n\n\n\n<p>Segundo a insulada, o concerto ser\u00e1 conceptual e intimista. \u201cUn Porta Aberte, prop\u00f5e abrir assim as portas do palco interior de Bert\u00e2nia, aos amigos musicais que esta forma de arte foi aproximando e, aos que a seguiram e por ela se enamoraram musicalmente\u201d.<\/p>\n\n\n\n<p>Neste concerto, a cantora estar\u00e1 no palco acompanhada do m\u00fasico Bau, um dos seus companheiros musicais de algum tempo. \u201cA parceria entre os dois artistas, assume o seu momento mais alto quando Rufino Almeida (Bau) faz a produ\u00e7\u00e3o musical e art\u00edstica do \u00e1lbum de estreia \u00b4Descobri\u00b4 de Bert\u00e2nia\u201d, avan\u00e7a Expresso das ilhas.<\/p>\n\n\n\n<p>Al\u00e9m de Bau, Bert\u00e2nia estar\u00e1 neste concerto acompanhada do violonista Henrique Oliveira, conhecido por todos pelo nome de professor Djick Oliveira e de Nhof. \u201cNhof partilhou o palco com Bert\u00e2nia no Tributo a Ildo Lobo, trar\u00e1 a sua voz marcante num dos temas do espect\u00e1culo\u201d.<\/p>\n\n\n\n<p>De lembrar que Bert\u00e2nia lan\u00e7ou no ano passado (2023), o seu primeiro disco intitulado<\/p>\n\n\n\n<p><em>\u201c<\/em>Descobri<em>\u201d,&nbsp;<\/em>em parceria com o m\u00fasico mindelense Bau, um dos principais nomes e refer\u00eancia da m\u00fasica cabo-verdiana.<br><br>A produ\u00e7\u00e3o do \u00e1lbum vem na sequ\u00eancia da candidatura para o \u201cEdital Resgate e Promo\u00e7\u00e3o da M\u00fasica Tradicional Cabo-Verdiana\u201d, promovido pelo Minist\u00e9rio da Cultura e das Ind\u00fastrias Criativas de Cabo Verde, onde foi selecionado o projecto de produ\u00e7\u00e3o discogr\u00e1fica apresentada pela produtora Harmonia, da qual a artista faz parte.&nbsp;<\/p>\n","protected":false},"excerpt":{"rendered":"<p>A cantora Bert\u00e2nia Almeida apresenta esta quinta-feira, 31, na cidade da Praia, o concerto intimista \u201cUm Porta Aberte\u201d. O concerto vai acontecer no P\u00e1tio Tchon di Morgado\u201d, do Pal\u00e1cio da Cultura Ildo Lobo\u201d, pelas 19h00. O concerto \u00e9 produzido pela editora InSulada em parceria com o Pal\u00e1cio da Cultura Ildo Lobo e enquadrado nas noites<br \/><a class=\"moretag\" href=\"https:\/\/radiocomercial.cv\/?p=1633\">+ Read More<\/a><\/p>\n","protected":false},"author":2,"featured_media":1634,"comment_status":"open","ping_status":"open","sticky":false,"template":"","format":"standard","meta":{"footnotes":""},"categories":[6],"tags":[],"class_list":["post-1633","post","type-post","status-publish","format-standard","has-post-thumbnail","hentry","category-noticias"],"featured_image_src":"https:\/\/radiocomercial.cv\/wp-content\/uploads\/2024\/10\/Bertania-Almeida-concerto-na-Praia.jpg","featured_image_src_square":"https:\/\/radiocomercial.cv\/wp-content\/uploads\/2024\/10\/Bertania-Almeida-concerto-na-Praia.jpg","author_info":{"display_name":"Radio Comercial","author_link":"https:\/\/radiocomercial.cv\/?author=2"},"rbea_author_info":{"display_name":"Radio Comercial","author_link":"https:\/\/radiocomercial.cv\/?author=2"},"rbea_excerpt_info":"A cantora Bert\u00e2nia Almeida apresenta esta quinta-feira, 31, na cidade da Praia, o concerto intimista \u201cUm Porta Aberte\u201d. O concerto vai acontecer no P\u00e1tio Tchon di Morgado\u201d, do Pal\u00e1cio da Cultura Ildo Lobo\u201d, pelas 19h00. O concerto \u00e9 produzido pela editora InSulada em parceria com o Pal\u00e1cio da Cultura Ildo Lobo e enquadrado nas noites<br><a class=\"moretag\" href=\"https:\/\/radiocomercial.cv\/?p=1633\">+ Read More<\/a>","category_list":"<a href=\"https:\/\/radiocomercial.cv\/?cat=6\" rel=\"category\">Noticias<\/a>","comments_num":"0 comments","_links":{"self":[{"href":"https:\/\/radiocomercial.cv\/index.php?rest_route=\/wp\/v2\/posts\/1633","targetHints":{"allow":["GET"]}}],"collection":[{"href":"https:\/\/radiocomercial.cv\/index.php?rest_route=\/wp\/v2\/posts"}],"about":[{"href":"https:\/\/radiocomercial.cv\/index.php?rest_route=\/wp\/v2\/types\/post"}],"author":[{"embeddable":true,"href":"https:\/\/radiocomercial.cv\/index.php?rest_route=\/wp\/v2\/users\/2"}],"replies":[{"embeddable":true,"href":"https:\/\/radiocomercial.cv\/index.php?rest_route=%2Fwp%2Fv2%2Fcomments&post=1633"}],"version-history":[{"count":1,"href":"https:\/\/radiocomercial.cv\/index.php?rest_route=\/wp\/v2\/posts\/1633\/revisions"}],"predecessor-version":[{"id":1635,"href":"https:\/\/radiocomercial.cv\/index.php?rest_route=\/wp\/v2\/posts\/1633\/revisions\/1635"}],"wp:featuredmedia":[{"embeddable":true,"href":"https:\/\/radiocomercial.cv\/index.php?rest_route=\/wp\/v2\/media\/1634"}],"wp:attachment":[{"href":"https:\/\/radiocomercial.cv\/index.php?rest_route=%2Fwp%2Fv2%2Fmedia&parent=1633"}],"wp:term":[{"taxonomy":"category","embeddable":true,"href":"https:\/\/radiocomercial.cv\/index.php?rest_route=%2Fwp%2Fv2%2Fcategories&post=1633"},{"taxonomy":"post_tag","embeddable":true,"href":"https:\/\/radiocomercial.cv\/index.php?rest_route=%2Fwp%2Fv2%2Ftags&post=1633"}],"curies":[{"name":"wp","href":"https:\/\/api.w.org\/{rel}","templated":true}]}}