{"id":1639,"date":"2024-10-30T16:47:21","date_gmt":"2024-10-30T16:47:21","guid":{"rendered":"https:\/\/radiocomercial.cv\/?p=1639"},"modified":"2024-10-30T16:47:22","modified_gmt":"2024-10-30T16:47:22","slug":"4a-edicao-do-djarfogo-international-film-festival-vai-homenagear-centenario-amilcar-cabral","status":"publish","type":"post","link":"https:\/\/radiocomercial.cv\/?p=1639","title":{"rendered":"4\u00aa Edi\u00e7\u00e3o do Dj\u00e2rfogo International Film Festival vai homenagear centen\u00e1rio Am\u00edlcar Cabral"},"content":{"rendered":"\n<p><strong>A 4\u00aa edi\u00e7\u00e3o do Dj\u00e2rfogo International Film Festival (DIFF) que acontece de 4 a 10 de Novembro, vai homenagear o centen\u00e1rio de Am\u00edlcar Cabral e o Cinema Africano. Nesta edi\u00e7\u00e3o que ter\u00e1 como lema: \u201cLibera\u00e7\u00e3o atrav\u00e9s da Cultura\u201d, ser\u00e3o exibidos 55 filmes de 40 pa\u00edses.<\/strong><\/p>\n\n\n\n<p>O festival acontece nos dias 4 e 5 Novembro, na cidade da Praia e nos dias 6 a 10 Novembro, na Ilha do Fogo. Informa\u00e7\u00e3o divulgada esta quarta-feira, pelo director do Djarfogo International Film Festival, Guenny Pires, numa confer\u00eancia de imprensa.<\/p>\n\n\n\n<p>A cerim\u00f3nia de abertura ir\u00e1 decorrer na cidade da Praia, no dia 4 de Novembro \u00e0s 9h00, no Audit\u00f3rio do edif\u00edcio 8 campus da UNI-CV, com a performance do grupo de Bawtuquinhas.<\/p>\n\n\n\n<p>Segundo Guenny Pires, esta edi\u00e7\u00e3o \u00e9 especial, porque vai homenagear Am\u00edlcar Cabral, o Cinema africano e celebrar o cinema do mundo, sobretudo aquele que \u00e9 feito em Cabo Verde.<\/p>\n\n\n\n<p>Al\u00e9m da exibi\u00e7\u00e3o dos filmes, do programa de DIFF constam Workshops, Masterclasses, mentorias e palestras direccionadas aos estudantes e ao p\u00fablico entusiasta do cinema.<\/p>\n\n\n\n<p>Na cidade da Praia, est\u00e1 previsto workshop, masterclass, \u00c1frica Film Lab e duas mesas redondas, que v\u00e3o acontecer no Pal\u00e1cio da Cultura Ildo Lobo.<\/p>\n\n\n\n<p>\u201cOutro ponto forte do festival \u00e9 o Pitch internacional, com organiza\u00e7\u00e3o da Pol\u00f4nia que se chama \u00b4Pitch de Doc\u00b4, onde ser\u00e3o selecionados oito projectos de filme document\u00e1rio que ser\u00e3o anunciados depois do festival\u201d, revela.<\/p>\n\n\n\n<p>Ainda na cidade da Praia, nos dias 4 e 5, est\u00e1 programado \u00b4O Cabo Verde International Film Market\u00b4, \u201cque \u00e9 um segmento de festival, onde ter\u00e3o a oportunidade de fazer coprodu\u00e7\u00e3o com pa\u00edses e cineastas estrangeiros\u201d.<\/p>\n\n\n\n<p>Guenny Pires assegura que na ilha do Fogo, haver\u00e1 um programa especial, nas tr\u00eas aldeias tur\u00edsticas: Ch\u00e3 das Caldeiras, Campanas e Cutelo Alto.<\/p>\n\n\n\n<p>O DIFF \u00e9 um Festival Internacional de Cinema e uma associa\u00e7\u00e3o sem fins lucrativos distinguido pelo Governo de Cabo Verde com o estatuto de Utilidade P\u00fablica, avan\u00e7a Expresso das ilhas.<\/p>\n\n\n\n<p>Criado pela Txan Film Productions &amp; Visual Arts, DIFF e uma produtora independente sedeada em Los Angeles e Cabo Verde dirigida pelo cineasta cabo-verdiano\/americano Guenny Pires, radicado nos Estados Unidos da Am\u00e9rica, e conta com a parceria da Mount Saint Mary\u2019s University\/Hollywood Studio Campus e a Funda\u00e7\u00e3o Am\u00edlcar Cabral.<\/p>\n\n\n\n<p>O festival conta ainda com o apoio da Presid\u00eancia da Rep\u00fablica de Cabo Verde, Governo de Cabo-Verde, Minist\u00e9rio da Cultura e das Ind\u00fastrias Criativas, Instituto Pedro Pires, Universidade de Cabo Verde, SITA, Silicon Valley African Film Festival, North Carolina University e Centro Cultural Portugu\u00eas.&nbsp;<\/p>\n\n\n\n<p><\/p>\n","protected":false},"excerpt":{"rendered":"<p>A 4\u00aa edi\u00e7\u00e3o do Dj\u00e2rfogo International Film Festival (DIFF) que acontece de 4 a 10 de Novembro, vai homenagear o centen\u00e1rio de Am\u00edlcar Cabral e o Cinema Africano. Nesta edi\u00e7\u00e3o que ter\u00e1 como lema: \u201cLibera\u00e7\u00e3o atrav\u00e9s da Cultura\u201d, ser\u00e3o exibidos 55 filmes de 40 pa\u00edses. O festival acontece nos dias 4 e 5 Novembro, na<br \/><a class=\"moretag\" href=\"https:\/\/radiocomercial.cv\/?p=1639\">+ Read More<\/a><\/p>\n","protected":false},"author":2,"featured_media":1640,"comment_status":"open","ping_status":"open","sticky":false,"template":"","format":"standard","meta":{"footnotes":""},"categories":[6],"tags":[],"class_list":["post-1639","post","type-post","status-publish","format-standard","has-post-thumbnail","hentry","category-noticias"],"featured_image_src":"https:\/\/radiocomercial.cv\/wp-content\/uploads\/2024\/10\/Djarfogo-international-film-festival.jpg","featured_image_src_square":"https:\/\/radiocomercial.cv\/wp-content\/uploads\/2024\/10\/Djarfogo-international-film-festival.jpg","author_info":{"display_name":"Radio Comercial","author_link":"https:\/\/radiocomercial.cv\/?author=2"},"rbea_author_info":{"display_name":"Radio Comercial","author_link":"https:\/\/radiocomercial.cv\/?author=2"},"rbea_excerpt_info":"A 4\u00aa edi\u00e7\u00e3o do Dj\u00e2rfogo International Film Festival (DIFF) que acontece de 4 a 10 de Novembro, vai homenagear o centen\u00e1rio de Am\u00edlcar Cabral e o Cinema Africano. Nesta edi\u00e7\u00e3o que ter\u00e1 como lema: \u201cLibera\u00e7\u00e3o atrav\u00e9s da Cultura\u201d, ser\u00e3o exibidos 55 filmes de 40 pa\u00edses. O festival acontece nos dias 4 e 5 Novembro, na<br><a class=\"moretag\" href=\"https:\/\/radiocomercial.cv\/?p=1639\">+ Read More<\/a>","category_list":"<a href=\"https:\/\/radiocomercial.cv\/?cat=6\" rel=\"category\">Noticias<\/a>","comments_num":"0 comments","_links":{"self":[{"href":"https:\/\/radiocomercial.cv\/index.php?rest_route=\/wp\/v2\/posts\/1639","targetHints":{"allow":["GET"]}}],"collection":[{"href":"https:\/\/radiocomercial.cv\/index.php?rest_route=\/wp\/v2\/posts"}],"about":[{"href":"https:\/\/radiocomercial.cv\/index.php?rest_route=\/wp\/v2\/types\/post"}],"author":[{"embeddable":true,"href":"https:\/\/radiocomercial.cv\/index.php?rest_route=\/wp\/v2\/users\/2"}],"replies":[{"embeddable":true,"href":"https:\/\/radiocomercial.cv\/index.php?rest_route=%2Fwp%2Fv2%2Fcomments&post=1639"}],"version-history":[{"count":1,"href":"https:\/\/radiocomercial.cv\/index.php?rest_route=\/wp\/v2\/posts\/1639\/revisions"}],"predecessor-version":[{"id":1641,"href":"https:\/\/radiocomercial.cv\/index.php?rest_route=\/wp\/v2\/posts\/1639\/revisions\/1641"}],"wp:featuredmedia":[{"embeddable":true,"href":"https:\/\/radiocomercial.cv\/index.php?rest_route=\/wp\/v2\/media\/1640"}],"wp:attachment":[{"href":"https:\/\/radiocomercial.cv\/index.php?rest_route=%2Fwp%2Fv2%2Fmedia&parent=1639"}],"wp:term":[{"taxonomy":"category","embeddable":true,"href":"https:\/\/radiocomercial.cv\/index.php?rest_route=%2Fwp%2Fv2%2Fcategories&post=1639"},{"taxonomy":"post_tag","embeddable":true,"href":"https:\/\/radiocomercial.cv\/index.php?rest_route=%2Fwp%2Fv2%2Ftags&post=1639"}],"curies":[{"name":"wp","href":"https:\/\/api.w.org\/{rel}","templated":true}]}}