{"id":1731,"date":"2024-11-24T14:12:00","date_gmt":"2024-11-24T14:12:00","guid":{"rendered":"https:\/\/radiocomercial.cv\/?p=1731"},"modified":"2024-11-24T14:12:01","modified_gmt":"2024-11-24T14:12:01","slug":"campanha-somos-todos-iguais-chega-a-cabo-verde-para-promover-equidade-de-genero-com-foco-nos-rapazes","status":"publish","type":"post","link":"https:\/\/radiocomercial.cv\/?p=1731","title":{"rendered":"Campanha \u201cSomos Todos Iguais\u201d chega a Cabo Verde para promover equidade de g\u00e9nero com foco nos rapazes"},"content":{"rendered":"\n<p><strong>A campanha &#8220;Somos Todos Iguais&#8221; ser\u00e1 lan\u00e7ada oficialmente em Cabo Verde na pr\u00f3xima quinta-feira, 28 de Novembro, numa unidade hoteleira da cidade da Praia, sob a lideran\u00e7a da primeira-dama, D\u00e9bora Kat\u00edsa Carvalho.<\/strong><\/p>\n\n\n\n<p>De acordo com uma nota de imprensa a que a Inforpress teve acesso, o evento \u00e9 promovido pela a organiza\u00e7\u00e3o das primeiras damas Africanas para o desenvolvimento (OAFLAD) e visa combater as desigualdades de g\u00e9nero que ainda persistem em v\u00e1rias \u00e1reas, como a sa\u00fade, a educa\u00e7\u00e3o, o empoderamento econ\u00f3mico e a preven\u00e7\u00e3o da viol\u00eancia baseada no g\u00e9nero.<\/p>\n\n\n\n<p>A campanha tem como objectivo promover a equidade e reduzir o fosso entre homens e mulheres com todo o conhecimento, l\u00ea-se na nota.<\/p>\n\n\n\n<p>Com o lema \u201cFam\u00edlia \u2013 Ber\u00e7o\u201d, a campanha em Cabo Verde dar\u00e1 destaque ao papel fundamental das fam\u00edlias na forma\u00e7\u00e3o de valores de igualdade e respeito m\u00fatuo. E tamb\u00e9m com principal \u00eanfase vai ser a dos rapazes, incentivando uma masculinidade positiva que rejeite a viol\u00eancia, desafie os estere\u00f3tipos de g\u00e9nero e ajude a construir uma sociedade mais inclusiva e justa.<\/p>\n\n\n\n<p>\u201cPrecisamos construir um futuro onde os valores da igualdade, respeito e empatia sejam promovidos desde a inf\u00e2ncia\u201d, afirmou a primeira-dama D\u00e9bora Kat\u00edsa Carvalho, enfatizando o papel crucial da educa\u00e7\u00e3o para garantir uma mudan\u00e7a cultural profunda.<\/p>\n\n\n\n<p>Ainda segundo o comunicado, apesar dos progressos alcan\u00e7ados por Cabo Verde na promo\u00e7\u00e3o da igualdade de g\u00e9nero, o pa\u00eds ainda enfrenta desafios significativos, como o aumento do abandono escolar entre rapazes e a persistente viol\u00eancia dom\u00e9stica.<\/p>\n\n\n\n<p>Segundo dados recentes, 72,4 por cento (%) dos jovens que abandonam o ensino secund\u00e1rio s\u00e3o rapazes, revelando a necessidade de refor\u00e7ar os programas educativos e de apoio social.<\/p>\n\n\n\n<p>Segundo a mesma fonte, a viol\u00eancia baseada no g\u00e9nero \u00e9 outra quest\u00e3o cr\u00edtica em Cabo Verde. Um estudo do Afrobarometer de 2023 aponta que 50% da popula\u00e7\u00e3o considera a viol\u00eancia contra as mulheres como um dos principais problemas relativos aos direitos das mulheres no pa\u00eds.<\/p>\n\n\n\n<p>A campanha &#8220;Somos Todos Iguais&#8221; busca criar um espa\u00e7o de di\u00e1logo e reflex\u00e3o sobre o papel das fam\u00edlias na promo\u00e7\u00e3o da igualdade de g\u00e9nero. Tamb\u00e9m pretende sensibilizar a sociedade para a import\u00e2ncia de educar tanto rapazes quanto meninas com equidade, combater estere\u00f3tipos e estimular a adop\u00e7\u00e3o de estrat\u00e9gias de comunica\u00e7\u00e3o e ac\u00e7\u00f5es concretas para fortalecer a equidade de g\u00e9nero em Cabo Verde.<\/p>\n\n\n\n<p>A primeira-dama refor\u00e7ou o compromisso de tornar Cabo Verde um exemplo de equidade de g\u00e9nero e justi\u00e7a social, convidando todos os cidad\u00e3os a se engajarem nessa causa.<\/p>\n","protected":false},"excerpt":{"rendered":"<p>A campanha &#8220;Somos Todos Iguais&#8221; ser\u00e1 lan\u00e7ada oficialmente em Cabo Verde na pr\u00f3xima quinta-feira, 28 de Novembro, numa unidade hoteleira da cidade da Praia, sob a lideran\u00e7a da primeira-dama, D\u00e9bora Kat\u00edsa Carvalho. De acordo com uma nota de imprensa a que a Inforpress teve acesso, o evento \u00e9 promovido pela a organiza\u00e7\u00e3o das primeiras damas<br \/><a class=\"moretag\" href=\"https:\/\/radiocomercial.cv\/?p=1731\">+ Read More<\/a><\/p>\n","protected":false},"author":2,"featured_media":1732,"comment_status":"open","ping_status":"open","sticky":false,"template":"","format":"standard","meta":{"footnotes":""},"categories":[6],"tags":[],"class_list":["post-1731","post","type-post","status-publish","format-standard","has-post-thumbnail","hentry","category-noticias"],"featured_image_src":"https:\/\/radiocomercial.cv\/wp-content\/uploads\/2024\/11\/Campanha-Somos-Todos-Iguais-2024.jpg","featured_image_src_square":"https:\/\/radiocomercial.cv\/wp-content\/uploads\/2024\/11\/Campanha-Somos-Todos-Iguais-2024.jpg","author_info":{"display_name":"Radio Comercial","author_link":"https:\/\/radiocomercial.cv\/?author=2"},"rbea_author_info":{"display_name":"Radio Comercial","author_link":"https:\/\/radiocomercial.cv\/?author=2"},"rbea_excerpt_info":"A campanha &#8220;Somos Todos Iguais&#8221; ser\u00e1 lan\u00e7ada oficialmente em Cabo Verde na pr\u00f3xima quinta-feira, 28 de Novembro, numa unidade hoteleira da cidade da Praia, sob a lideran\u00e7a da primeira-dama, D\u00e9bora Kat\u00edsa Carvalho. De acordo com uma nota de imprensa a que a Inforpress teve acesso, o evento \u00e9 promovido pela a organiza\u00e7\u00e3o das primeiras damas<br><a class=\"moretag\" href=\"https:\/\/radiocomercial.cv\/?p=1731\">+ Read More<\/a>","category_list":"<a href=\"https:\/\/radiocomercial.cv\/?cat=6\" rel=\"category\">Noticias<\/a>","comments_num":"0 comments","_links":{"self":[{"href":"https:\/\/radiocomercial.cv\/index.php?rest_route=\/wp\/v2\/posts\/1731","targetHints":{"allow":["GET"]}}],"collection":[{"href":"https:\/\/radiocomercial.cv\/index.php?rest_route=\/wp\/v2\/posts"}],"about":[{"href":"https:\/\/radiocomercial.cv\/index.php?rest_route=\/wp\/v2\/types\/post"}],"author":[{"embeddable":true,"href":"https:\/\/radiocomercial.cv\/index.php?rest_route=\/wp\/v2\/users\/2"}],"replies":[{"embeddable":true,"href":"https:\/\/radiocomercial.cv\/index.php?rest_route=%2Fwp%2Fv2%2Fcomments&post=1731"}],"version-history":[{"count":1,"href":"https:\/\/radiocomercial.cv\/index.php?rest_route=\/wp\/v2\/posts\/1731\/revisions"}],"predecessor-version":[{"id":1733,"href":"https:\/\/radiocomercial.cv\/index.php?rest_route=\/wp\/v2\/posts\/1731\/revisions\/1733"}],"wp:featuredmedia":[{"embeddable":true,"href":"https:\/\/radiocomercial.cv\/index.php?rest_route=\/wp\/v2\/media\/1732"}],"wp:attachment":[{"href":"https:\/\/radiocomercial.cv\/index.php?rest_route=%2Fwp%2Fv2%2Fmedia&parent=1731"}],"wp:term":[{"taxonomy":"category","embeddable":true,"href":"https:\/\/radiocomercial.cv\/index.php?rest_route=%2Fwp%2Fv2%2Fcategories&post=1731"},{"taxonomy":"post_tag","embeddable":true,"href":"https:\/\/radiocomercial.cv\/index.php?rest_route=%2Fwp%2Fv2%2Ftags&post=1731"}],"curies":[{"name":"wp","href":"https:\/\/api.w.org\/{rel}","templated":true}]}}