{"id":1769,"date":"2024-12-04T16:18:54","date_gmt":"2024-12-04T16:18:54","guid":{"rendered":"https:\/\/radiocomercial.cv\/?p=1769"},"modified":"2024-12-04T16:18:55","modified_gmt":"2024-12-04T16:18:55","slug":"inps-lanca-boletim-estatistico-sobre-proteccao-social-2021-2023","status":"publish","type":"post","link":"https:\/\/radiocomercial.cv\/?p=1769","title":{"rendered":"INPS lan\u00e7a Boletim Estat\u00edstico sobre Protec\u00e7\u00e3o Social 2021\u20132023"},"content":{"rendered":"\n<p><strong>O Instituto Nacional de Previd\u00eancia Social (INPS) apresentou hoje, na sua sede na Cidade da Praia, o Boletim Estat\u00edstico sobre Protec\u00e7\u00e3o Social referente ao per\u00edodo de 2021 a 2023. O documento re\u00fane dados atualizados sobre o progresso alcan\u00e7ado no aumento da cobertura da protec\u00e7\u00e3o social em Cabo Verde, abrangendo tanto o regime contributivo quanto o n\u00e3o contributivo.<\/strong><\/p>\n\n\n\n<p>Durante a sess\u00e3o de abertura, o ministro da Fam\u00edlia, Inclus\u00e3o e Desenvolvimento Social, Fernando El\u00edsio Freire, frisou que, em cinco anos, a protec\u00e7\u00e3o social aumentou em mais de 10 pontos percentuais.<\/p>\n\n\n\n<p>\u201cCom orgulho digo que conseguimos proteger 50% das nossas crian\u00e7as e 77% da nossa popula\u00e7\u00e3o idosa. Estes s\u00e3o ganhos important\u00edssimos, mas ainda temos um longo caminho pela frente\u201d, declarou.<\/p>\n\n\n\n<p>Apesar dos avan\u00e7os, o governante asseverou que o desafio permanece: atingir os restantes 50% das crian\u00e7as e 23% dos idosos que ainda n\u00e3o est\u00e3o inclu\u00eddos no sistema.<\/p>\n\n\n\n<p>\u201cO trabalho agora \u00e9 focar na nossa miss\u00e3o de atingir toda a popula\u00e7\u00e3o. A elevada informalidade da nossa economia dificulta esse objectivo, mas estamos determinados a continuar a implementar pol\u00edticas que ampliem a formaliza\u00e7\u00e3o e assegurem uma prote\u00e7\u00e3o social mais abrangente\u201d, referiu.<\/p>\n\n\n\n<p>O boletim apresentado pretende apoiar o planeamento e a implementa\u00e7\u00e3o de pol\u00edticas sociais com base em dados fi\u00e1veis.<\/p>\n\n\n\n<p>Al\u00e9m disso, \u00e9 uma ferramenta estrat\u00e9gica para o fortalecimento do sistema de monitoriza\u00e7\u00e3o e avalia\u00e7\u00e3o das estrat\u00e9gias nacionais.<\/p>\n\n\n\n<p>\u201cEste \u00e9 um instrumento essencial para decisores pol\u00edticos, porque permite identificar onde estamos e o que ainda precisamos de alcan\u00e7ar\u201d, disse o ministro.<\/p>\n\n\n\n<p>O governo reafirmou o compromisso de continuar a trabalhar em articula\u00e7\u00e3o com o Instituto Nacional de Previd\u00eancia Social e outras institui\u00e7\u00f5es para que \u201cningu\u00e9m fique para tr\u00e1s\u201d, avan\u00e7a o Expresso das ilhas.<\/p>\n\n\n\n<p>\u201cQueremos um sistema que chegue a todos, que previna os riscos de exclus\u00e3o social e que apoie as fam\u00edlias a enfrentar os custos da educa\u00e7\u00e3o, garantindo que nenhuma crian\u00e7a abandone a escola por raz\u00f5es financeiras\u201d.<\/p>\n\n\n\n<p>O lan\u00e7amento do Boletim acontece no \u00e2mbito das actividades do Projecto ACTION\/Portugal, implementado pela Organiza\u00e7\u00e3o Internacional do Trabalho (OIT) e pelo Centro Internacional de Forma\u00e7\u00e3o da OIT (CIF-OIT), com financiamento do Gabinete de Estrat\u00e9gia e Planeamento do Minist\u00e9rio do Trabalho, Solidariedade e Seguran\u00e7a Social de Portugal (GEP\/MTSSS).<\/p>\n","protected":false},"excerpt":{"rendered":"<p>O Instituto Nacional de Previd\u00eancia Social (INPS) apresentou hoje, na sua sede na Cidade da Praia, o Boletim Estat\u00edstico sobre Protec\u00e7\u00e3o Social referente ao per\u00edodo de 2021 a 2023. O documento re\u00fane dados atualizados sobre o progresso alcan\u00e7ado no aumento da cobertura da protec\u00e7\u00e3o social em Cabo Verde, abrangendo tanto o regime contributivo quanto o<br \/><a class=\"moretag\" href=\"https:\/\/radiocomercial.cv\/?p=1769\">+ Read More<\/a><\/p>\n","protected":false},"author":2,"featured_media":1770,"comment_status":"open","ping_status":"open","sticky":false,"template":"","format":"standard","meta":{"footnotes":""},"categories":[6],"tags":[],"class_list":["post-1769","post","type-post","status-publish","format-standard","has-post-thumbnail","hentry","category-noticias"],"featured_image_src":"https:\/\/radiocomercial.cv\/wp-content\/uploads\/2024\/12\/INPS-lanca-Boletim-Estatistico-sobre-Proteccao-Social-2021\u20132023.jpg","featured_image_src_square":"https:\/\/radiocomercial.cv\/wp-content\/uploads\/2024\/12\/INPS-lanca-Boletim-Estatistico-sobre-Proteccao-Social-2021\u20132023.jpg","author_info":{"display_name":"Radio Comercial","author_link":"https:\/\/radiocomercial.cv\/?author=2"},"rbea_author_info":{"display_name":"Radio Comercial","author_link":"https:\/\/radiocomercial.cv\/?author=2"},"rbea_excerpt_info":"O Instituto Nacional de Previd\u00eancia Social (INPS) apresentou hoje, na sua sede na Cidade da Praia, o Boletim Estat\u00edstico sobre Protec\u00e7\u00e3o Social referente ao per\u00edodo de 2021 a 2023. O documento re\u00fane dados atualizados sobre o progresso alcan\u00e7ado no aumento da cobertura da protec\u00e7\u00e3o social em Cabo Verde, abrangendo tanto o regime contributivo quanto o<br><a class=\"moretag\" href=\"https:\/\/radiocomercial.cv\/?p=1769\">+ Read More<\/a>","category_list":"<a href=\"https:\/\/radiocomercial.cv\/?cat=6\" rel=\"category\">Noticias<\/a>","comments_num":"0 comments","_links":{"self":[{"href":"https:\/\/radiocomercial.cv\/index.php?rest_route=\/wp\/v2\/posts\/1769","targetHints":{"allow":["GET"]}}],"collection":[{"href":"https:\/\/radiocomercial.cv\/index.php?rest_route=\/wp\/v2\/posts"}],"about":[{"href":"https:\/\/radiocomercial.cv\/index.php?rest_route=\/wp\/v2\/types\/post"}],"author":[{"embeddable":true,"href":"https:\/\/radiocomercial.cv\/index.php?rest_route=\/wp\/v2\/users\/2"}],"replies":[{"embeddable":true,"href":"https:\/\/radiocomercial.cv\/index.php?rest_route=%2Fwp%2Fv2%2Fcomments&post=1769"}],"version-history":[{"count":1,"href":"https:\/\/radiocomercial.cv\/index.php?rest_route=\/wp\/v2\/posts\/1769\/revisions"}],"predecessor-version":[{"id":1771,"href":"https:\/\/radiocomercial.cv\/index.php?rest_route=\/wp\/v2\/posts\/1769\/revisions\/1771"}],"wp:featuredmedia":[{"embeddable":true,"href":"https:\/\/radiocomercial.cv\/index.php?rest_route=\/wp\/v2\/media\/1770"}],"wp:attachment":[{"href":"https:\/\/radiocomercial.cv\/index.php?rest_route=%2Fwp%2Fv2%2Fmedia&parent=1769"}],"wp:term":[{"taxonomy":"category","embeddable":true,"href":"https:\/\/radiocomercial.cv\/index.php?rest_route=%2Fwp%2Fv2%2Fcategories&post=1769"},{"taxonomy":"post_tag","embeddable":true,"href":"https:\/\/radiocomercial.cv\/index.php?rest_route=%2Fwp%2Fv2%2Ftags&post=1769"}],"curies":[{"name":"wp","href":"https:\/\/api.w.org\/{rel}","templated":true}]}}