{"id":1870,"date":"2025-01-28T19:03:52","date_gmt":"2025-01-28T19:03:52","guid":{"rendered":"https:\/\/radiocomercial.cv\/?p=1870"},"modified":"2025-01-28T19:03:53","modified_gmt":"2025-01-28T19:03:53","slug":"embaixador-de-cabo-verde-nos-eua-confirma-existencia-de-cabo-verdianos-que-ja-receberam-ordem-de-deportacao","status":"publish","type":"post","link":"https:\/\/radiocomercial.cv\/?p=1870","title":{"rendered":"Embaixador de Cabo Verde nos EUA confirma exist\u00eancia de cabo-verdianos que j\u00e1 receberam ordem de deporta\u00e7\u00e3o"},"content":{"rendered":"\n<p><strong>O embaixador de Cabo Verde nos Estados Unidos da Am\u00e9rica disse hoje desconhecer a lista de cabo-verdianos com ordem imediata de deporta\u00e7\u00e3o dos EUA mas garantiu que existem sim cabo-verdianos que j\u00e1 receberam decis\u00e3o do tribunal.<\/strong><\/p>\n\n\n\n<p>Jos\u00e9 Lu\u00eds Livramento de Brito esclareceu este facto ao ser contactado pela Inforpress sobre uma lista que circula nas redes sociais dando conta que 314 cabo-verdianos dever\u00e3o ser enviados ao Pa\u00eds nos pr\u00f3ximos dias.<\/p>\n\n\n\n<p>De acordo com o diplomata, n\u00e3o h\u00e1 uma lista de deporta\u00e7\u00e3o imediata, no entanto, muitos cabo-verdianos j\u00e1 t\u00eam uma ordem do juiz e s\u00f3 n\u00e3o foram deportados porque ainda n\u00e3o foram detidos pela pol\u00edcia americana.<\/p>\n\n\n\n<p>Conforme adiantou, o n\u00famero vem acumulando com o passar dos anos e o que se pode confirmar \u00e9 que s\u00f3 ser\u00e3o deportados se forem apanhados a cometer algum crime.&nbsp;<\/p>\n\n\n\n<p>O ministro dos Neg\u00f3cios Estrangeiros, Jos\u00e9 Filomeno Monteiro, afirmou na sexta-feira, 24, que o Governo est\u00e1 a trabalhar num plano de conting\u00eancia para apoiar a comunidade cabo-verdiana nos Estados Unidos no que diz respeito a uma poss\u00edvel deporta\u00e7\u00e3o de imigrantes ilegais.<\/p>\n\n\n\n<p>Conforme avan\u00e7ou, grande parte dos cidad\u00e3os cabo-verdianos que residem nos EUA possuem uma situa\u00e7\u00e3o legalizada, frisando que o Governo encara as escolhas feitas pelos Estados Unidos com &#8220;naturalidade&#8221;, respeitando a soberania do pa\u00eds.<\/p>\n\n\n\n<p>J\u00e1 o primeiro-ministro, Ulisses Correia e Silva, reconheceu em entrevista \u00e0 RCV, que as medidas anunciadas pela nova administra\u00e7\u00e3o quanto \u00e0 deporta\u00e7\u00e3o ilegal suscitam alguma preocupa\u00e7\u00e3o por parte das autoridades, mas assegurou que o pa\u00eds est\u00e1 preparado para acolher os poss\u00edveis repatriados.<\/p>\n\n\n\n<p>O novo presidente Donald Trump, empossado no dia 20 de Janeiro, concedeu poder a agentes de imigra\u00e7\u00e3o para tamb\u00e9m \u201cdeportar rapidamente\u201d imigrantes beneficiados por programas de asilo do Governo anterior.<\/p>\n\n\n\n<p>Segundo o Servi\u00e7o de Imigra\u00e7\u00e3o e Alf\u00e2ndega dos Estados Unidos, na quinta-feira, 23, um total de 538 estrangeiros foram presos e 373 foram colocados sob deten\u00e7\u00e3o nas primeiras ac\u00e7\u00f5es ap\u00f3s decreto de Trump, avan\u00e7a \u00e0 Inforpress.<\/p>\n\n\n\n<p>O republicano estabeleceu a meta de acelerar as deporta\u00e7\u00f5es, chegando a um milh\u00e3o por ano, considerado o dobro do m\u00e1ximo de deporta\u00e7\u00f5es realizadas em um \u00fanico ano nas \u00faltimas d\u00e9cadas, segundo dados do Departamento de Seguran\u00e7a dos Estados Undos da Am\u00e9rica.<\/p>\n","protected":false},"excerpt":{"rendered":"<p>O embaixador de Cabo Verde nos Estados Unidos da Am\u00e9rica disse hoje desconhecer a lista de cabo-verdianos com ordem imediata de deporta\u00e7\u00e3o dos EUA mas garantiu que existem sim cabo-verdianos que j\u00e1 receberam decis\u00e3o do tribunal. Jos\u00e9 Lu\u00eds Livramento de Brito esclareceu este facto ao ser contactado pela Inforpress sobre uma lista que circula nas<br \/><a class=\"moretag\" href=\"https:\/\/radiocomercial.cv\/?p=1870\">+ Read More<\/a><\/p>\n","protected":false},"author":2,"featured_media":1871,"comment_status":"open","ping_status":"open","sticky":false,"template":"","format":"standard","meta":{"footnotes":""},"categories":[1],"tags":[],"class_list":["post-1870","post","type-post","status-publish","format-standard","has-post-thumbnail","hentry","category-uncategorized"],"featured_image_src":"https:\/\/radiocomercial.cv\/wp-content\/uploads\/2025\/01\/Jose_Luis_Livramento_de_Brito-Embaixador-EUA.jpg","featured_image_src_square":"https:\/\/radiocomercial.cv\/wp-content\/uploads\/2025\/01\/Jose_Luis_Livramento_de_Brito-Embaixador-EUA.jpg","author_info":{"display_name":"Radio Comercial","author_link":"https:\/\/radiocomercial.cv\/?author=2"},"rbea_author_info":{"display_name":"Radio Comercial","author_link":"https:\/\/radiocomercial.cv\/?author=2"},"rbea_excerpt_info":"O embaixador de Cabo Verde nos Estados Unidos da Am\u00e9rica disse hoje desconhecer a lista de cabo-verdianos com ordem imediata de deporta\u00e7\u00e3o dos EUA mas garantiu que existem sim cabo-verdianos que j\u00e1 receberam decis\u00e3o do tribunal. Jos\u00e9 Lu\u00eds Livramento de Brito esclareceu este facto ao ser contactado pela Inforpress sobre uma lista que circula nas<br><a class=\"moretag\" href=\"https:\/\/radiocomercial.cv\/?p=1870\">+ Read More<\/a>","category_list":"<a href=\"https:\/\/radiocomercial.cv\/?cat=1\" rel=\"category\">Uncategorized<\/a>","comments_num":"0 comments","_links":{"self":[{"href":"https:\/\/radiocomercial.cv\/index.php?rest_route=\/wp\/v2\/posts\/1870","targetHints":{"allow":["GET"]}}],"collection":[{"href":"https:\/\/radiocomercial.cv\/index.php?rest_route=\/wp\/v2\/posts"}],"about":[{"href":"https:\/\/radiocomercial.cv\/index.php?rest_route=\/wp\/v2\/types\/post"}],"author":[{"embeddable":true,"href":"https:\/\/radiocomercial.cv\/index.php?rest_route=\/wp\/v2\/users\/2"}],"replies":[{"embeddable":true,"href":"https:\/\/radiocomercial.cv\/index.php?rest_route=%2Fwp%2Fv2%2Fcomments&post=1870"}],"version-history":[{"count":1,"href":"https:\/\/radiocomercial.cv\/index.php?rest_route=\/wp\/v2\/posts\/1870\/revisions"}],"predecessor-version":[{"id":1872,"href":"https:\/\/radiocomercial.cv\/index.php?rest_route=\/wp\/v2\/posts\/1870\/revisions\/1872"}],"wp:featuredmedia":[{"embeddable":true,"href":"https:\/\/radiocomercial.cv\/index.php?rest_route=\/wp\/v2\/media\/1871"}],"wp:attachment":[{"href":"https:\/\/radiocomercial.cv\/index.php?rest_route=%2Fwp%2Fv2%2Fmedia&parent=1870"}],"wp:term":[{"taxonomy":"category","embeddable":true,"href":"https:\/\/radiocomercial.cv\/index.php?rest_route=%2Fwp%2Fv2%2Fcategories&post=1870"},{"taxonomy":"post_tag","embeddable":true,"href":"https:\/\/radiocomercial.cv\/index.php?rest_route=%2Fwp%2Fv2%2Ftags&post=1870"}],"curies":[{"name":"wp","href":"https:\/\/api.w.org\/{rel}","templated":true}]}}