{"id":1876,"date":"2025-01-30T18:53:06","date_gmt":"2025-01-30T18:53:06","guid":{"rendered":"https:\/\/radiocomercial.cv\/?p=1876"},"modified":"2025-01-30T18:53:08","modified_gmt":"2025-01-30T18:53:08","slug":"vento-forte-no-arquipelago-a-partir-de-sexta-feira-e-durante-o-fim-de-semana","status":"publish","type":"post","link":"https:\/\/radiocomercial.cv\/?p=1876","title":{"rendered":"Vento forte no arquip\u00e9lago a partir de sexta-feira e durante o fim de semana"},"content":{"rendered":"\n<p><strong>A partir de sexta-feira e ao longo do fim de semana, o vento dever\u00e1 ganhar intensidade em todo o pa\u00eds, podendo atingir n\u00edveis fortes ou muito fortescom rajadas superiores a 60 km\/h, segundo alertou hoje o Instituto Nacional Meteorologia e Geofisica (INMG).<\/strong><\/p>\n\n\n\n<p>Esta situa\u00e7\u00e3o meteorol\u00f3gica deve-se \u00e0 influ\u00eancia do Anticiclone dos A\u00e7ores, que permanece estacion\u00e1rio e intenso, favorecendo a gera\u00e7\u00e3o de vento em toda a regi\u00e3o do Atl\u00e2ntico.<\/p>\n\n\n\n<p>Embora seja um fen\u00f3meno habitual para esta \u00e9poca do ano, prev\u00ea-se um agravamento das condi\u00e7\u00f5es nos pr\u00f3ximos dias.<\/p>\n\n\n\n<p>Segundo o INMG, o estado do mar tamb\u00e9m sofrer\u00e1 impacto, com ondas de Nordeste a atingir alturas entre 3 e 6 metros, afetando as liga\u00e7\u00f5es inter-ilhas e as \u00e1reas costeiras mais expostas.<\/p>\n\n\n\n<p>Al\u00e9m disso, a presen\u00e7a de poeira transportada pelo vento poder\u00e1 reduzir a visibilidade para n\u00edveis moderados.<\/p>\n\n\n\n<p>O INMG garante que continuar\u00e1 a acompanhar a evolu\u00e7\u00e3o da situa\u00e7\u00e3o e emitir\u00e1 novas actualiza\u00e7\u00f5es sempre que necess\u00e1rio, avan\u00e7a Expresso das ilhas.<\/p>\n\n\n\n<p>Refira-se que o Instituto Mar\u00edtimo Portu\u00e1ria(IMP) anunciou hoje a interdi\u00e7\u00e3o da sa\u00edda para o mar das embarca\u00e7\u00f5es de pesca local, incluindo botes e pequenas embarca\u00e7\u00f5es de boca aberta, devido ao agravamento das condi\u00e7\u00f5es meteorol\u00f3gicas.<\/p>\n\n\n\n<p>A interdi\u00e7\u00e3o \u00e9 v\u00e1lida para as ilhas de Barlavento e, segundo o IMP, a medida \u00e9 v\u00e1lida nas pr\u00f3ximas 48 horas.<\/p>\n","protected":false},"excerpt":{"rendered":"<p>A partir de sexta-feira e ao longo do fim de semana, o vento dever\u00e1 ganhar intensidade em todo o pa\u00eds, podendo atingir n\u00edveis fortes ou muito fortescom rajadas superiores a 60 km\/h, segundo alertou hoje o Instituto Nacional Meteorologia e Geofisica (INMG). Esta situa\u00e7\u00e3o meteorol\u00f3gica deve-se \u00e0 influ\u00eancia do Anticiclone dos A\u00e7ores, que permanece estacion\u00e1rio<br \/><a class=\"moretag\" href=\"https:\/\/radiocomercial.cv\/?p=1876\">+ Read More<\/a><\/p>\n","protected":false},"author":2,"featured_media":1877,"comment_status":"open","ping_status":"open","sticky":false,"template":"","format":"standard","meta":{"footnotes":""},"categories":[6],"tags":[],"class_list":["post-1876","post","type-post","status-publish","format-standard","has-post-thumbnail","hentry","category-noticias"],"featured_image_src":"https:\/\/radiocomercial.cv\/wp-content\/uploads\/2025\/01\/Vento-fortes-em-CV-INMG.jpg","featured_image_src_square":"https:\/\/radiocomercial.cv\/wp-content\/uploads\/2025\/01\/Vento-fortes-em-CV-INMG.jpg","author_info":{"display_name":"Radio Comercial","author_link":"https:\/\/radiocomercial.cv\/?author=2"},"rbea_author_info":{"display_name":"Radio Comercial","author_link":"https:\/\/radiocomercial.cv\/?author=2"},"rbea_excerpt_info":"A partir de sexta-feira e ao longo do fim de semana, o vento dever\u00e1 ganhar intensidade em todo o pa\u00eds, podendo atingir n\u00edveis fortes ou muito fortescom rajadas superiores a 60 km\/h, segundo alertou hoje o Instituto Nacional Meteorologia e Geofisica (INMG). Esta situa\u00e7\u00e3o meteorol\u00f3gica deve-se \u00e0 influ\u00eancia do Anticiclone dos A\u00e7ores, que permanece estacion\u00e1rio<br><a class=\"moretag\" href=\"https:\/\/radiocomercial.cv\/?p=1876\">+ Read More<\/a>","category_list":"<a href=\"https:\/\/radiocomercial.cv\/?cat=6\" rel=\"category\">Noticias<\/a>","comments_num":"0 comments","_links":{"self":[{"href":"https:\/\/radiocomercial.cv\/index.php?rest_route=\/wp\/v2\/posts\/1876","targetHints":{"allow":["GET"]}}],"collection":[{"href":"https:\/\/radiocomercial.cv\/index.php?rest_route=\/wp\/v2\/posts"}],"about":[{"href":"https:\/\/radiocomercial.cv\/index.php?rest_route=\/wp\/v2\/types\/post"}],"author":[{"embeddable":true,"href":"https:\/\/radiocomercial.cv\/index.php?rest_route=\/wp\/v2\/users\/2"}],"replies":[{"embeddable":true,"href":"https:\/\/radiocomercial.cv\/index.php?rest_route=%2Fwp%2Fv2%2Fcomments&post=1876"}],"version-history":[{"count":1,"href":"https:\/\/radiocomercial.cv\/index.php?rest_route=\/wp\/v2\/posts\/1876\/revisions"}],"predecessor-version":[{"id":1878,"href":"https:\/\/radiocomercial.cv\/index.php?rest_route=\/wp\/v2\/posts\/1876\/revisions\/1878"}],"wp:featuredmedia":[{"embeddable":true,"href":"https:\/\/radiocomercial.cv\/index.php?rest_route=\/wp\/v2\/media\/1877"}],"wp:attachment":[{"href":"https:\/\/radiocomercial.cv\/index.php?rest_route=%2Fwp%2Fv2%2Fmedia&parent=1876"}],"wp:term":[{"taxonomy":"category","embeddable":true,"href":"https:\/\/radiocomercial.cv\/index.php?rest_route=%2Fwp%2Fv2%2Fcategories&post=1876"},{"taxonomy":"post_tag","embeddable":true,"href":"https:\/\/radiocomercial.cv\/index.php?rest_route=%2Fwp%2Fv2%2Ftags&post=1876"}],"curies":[{"name":"wp","href":"https:\/\/api.w.org\/{rel}","templated":true}]}}