{"id":1892,"date":"2025-02-03T18:22:09","date_gmt":"2025-02-03T18:22:09","guid":{"rendered":"https:\/\/radiocomercial.cv\/?p=1892"},"modified":"2025-02-03T18:22:10","modified_gmt":"2025-02-03T18:22:10","slug":"presidente-da-aclcvbg-distinguida-com-o-premio-mulher-inspiradora-do-ano-2024","status":"publish","type":"post","link":"https:\/\/radiocomercial.cv\/?p=1892","title":{"rendered":"Presidente da ACLCVBG distinguida com o pr\u00e9mio &#8220;Mulher Inspiradora do Ano 2024&#8221;"},"content":{"rendered":"\n<p><strong>A presidente da Associa\u00e7\u00e3o Cabo-Verdiana de Luta Contra a Viol\u00eancia Baseada no G\u00e9nero (ACLCVBG), Vicenta Fernandes, foi\u00a0\u00a0 distinguida, pelo\u00a0Movimento Global de Mulheres e Meninas L\u00edderes Pan-Africanas e Caribenhas (MMFLP) com o pr\u00e9mio\u00a0&#8220;Mulher Inspiradora do Ano 2024&#8221;.<\/strong><\/p>\n\n\n\n<p>Em nota de imprensa, a ACLCVBG esclarece que se trata&nbsp;&nbsp; de um reconhecimento internacional e um testemunho do impacto significativo e multiplicador que Vicenta Fernandes tem tido na defesa dos direitos das mulheres e na luta contra a viol\u00eancia baseada no g\u00e9nero em Cabo Verde e al\u00e9m-fronteiras.<\/p>\n\n\n\n<p>\u201cA sua dedica\u00e7\u00e3o ao activismo social, \u00e0 lideran\u00e7a feminina e ao empoderamento de mulheres e meninas continua a inspirar comunidades e a promover mudan\u00e7as estruturais essenciais para uma sociedade mais justa e equitativa\u201d, l\u00ea-se no documento a que a Inforpress teve acesso.<\/p>\n\n\n\n<p>Para a ACLCVBG, esta distin\u00e7\u00e3o refor\u00e7a a import\u00e2ncia do trabalho cont\u00ednuo na promo\u00e7\u00e3o da igualdade de g\u00e9nero e na erradica\u00e7\u00e3o da viol\u00eancia contra as mulheres.<\/p>\n\n\n\n<p>A cerim\u00f3nia de entrega do pr\u00e9mio, informa a mesma fonte, acontece no pr\u00f3ximo&nbsp;s\u00e1bado, 08 de Fevereiro.<\/p>\n\n\n\n<p><\/p>\n","protected":false},"excerpt":{"rendered":"<p>A presidente da Associa\u00e7\u00e3o Cabo-Verdiana de Luta Contra a Viol\u00eancia Baseada no G\u00e9nero (ACLCVBG), Vicenta Fernandes, foi\u00a0\u00a0 distinguida, pelo\u00a0Movimento Global de Mulheres e Meninas L\u00edderes Pan-Africanas e Caribenhas (MMFLP) com o pr\u00e9mio\u00a0&#8220;Mulher Inspiradora do Ano 2024&#8221;. Em nota de imprensa, a ACLCVBG esclarece que se trata&nbsp;&nbsp; de um reconhecimento internacional e um testemunho do impacto<br \/><a class=\"moretag\" href=\"https:\/\/radiocomercial.cv\/?p=1892\">+ Read More<\/a><\/p>\n","protected":false},"author":2,"featured_media":1893,"comment_status":"open","ping_status":"open","sticky":false,"template":"","format":"standard","meta":{"footnotes":""},"categories":[6],"tags":[],"class_list":["post-1892","post","type-post","status-publish","format-standard","has-post-thumbnail","hentry","category-noticias"],"featured_image_src":"https:\/\/radiocomercial.cv\/wp-content\/uploads\/2025\/02\/Vicenta_Fernandes-2025.jpg","featured_image_src_square":"https:\/\/radiocomercial.cv\/wp-content\/uploads\/2025\/02\/Vicenta_Fernandes-2025.jpg","author_info":{"display_name":"Radio Comercial","author_link":"https:\/\/radiocomercial.cv\/?author=2"},"rbea_author_info":{"display_name":"Radio Comercial","author_link":"https:\/\/radiocomercial.cv\/?author=2"},"rbea_excerpt_info":"A presidente da Associa\u00e7\u00e3o Cabo-Verdiana de Luta Contra a Viol\u00eancia Baseada no G\u00e9nero (ACLCVBG), Vicenta Fernandes, foi\u00a0\u00a0 distinguida, pelo\u00a0Movimento Global de Mulheres e Meninas L\u00edderes Pan-Africanas e Caribenhas (MMFLP) com o pr\u00e9mio\u00a0&#8220;Mulher Inspiradora do Ano 2024&#8221;. Em nota de imprensa, a ACLCVBG esclarece que se trata&nbsp;&nbsp; de um reconhecimento internacional e um testemunho do impacto<br><a class=\"moretag\" href=\"https:\/\/radiocomercial.cv\/?p=1892\">+ Read More<\/a>","category_list":"<a href=\"https:\/\/radiocomercial.cv\/?cat=6\" rel=\"category\">Noticias<\/a>","comments_num":"0 comments","_links":{"self":[{"href":"https:\/\/radiocomercial.cv\/index.php?rest_route=\/wp\/v2\/posts\/1892","targetHints":{"allow":["GET"]}}],"collection":[{"href":"https:\/\/radiocomercial.cv\/index.php?rest_route=\/wp\/v2\/posts"}],"about":[{"href":"https:\/\/radiocomercial.cv\/index.php?rest_route=\/wp\/v2\/types\/post"}],"author":[{"embeddable":true,"href":"https:\/\/radiocomercial.cv\/index.php?rest_route=\/wp\/v2\/users\/2"}],"replies":[{"embeddable":true,"href":"https:\/\/radiocomercial.cv\/index.php?rest_route=%2Fwp%2Fv2%2Fcomments&post=1892"}],"version-history":[{"count":1,"href":"https:\/\/radiocomercial.cv\/index.php?rest_route=\/wp\/v2\/posts\/1892\/revisions"}],"predecessor-version":[{"id":1894,"href":"https:\/\/radiocomercial.cv\/index.php?rest_route=\/wp\/v2\/posts\/1892\/revisions\/1894"}],"wp:featuredmedia":[{"embeddable":true,"href":"https:\/\/radiocomercial.cv\/index.php?rest_route=\/wp\/v2\/media\/1893"}],"wp:attachment":[{"href":"https:\/\/radiocomercial.cv\/index.php?rest_route=%2Fwp%2Fv2%2Fmedia&parent=1892"}],"wp:term":[{"taxonomy":"category","embeddable":true,"href":"https:\/\/radiocomercial.cv\/index.php?rest_route=%2Fwp%2Fv2%2Fcategories&post=1892"},{"taxonomy":"post_tag","embeddable":true,"href":"https:\/\/radiocomercial.cv\/index.php?rest_route=%2Fwp%2Fv2%2Ftags&post=1892"}],"curies":[{"name":"wp","href":"https:\/\/api.w.org\/{rel}","templated":true}]}}